{"id":22590,"date":"2025-06-19T12:13:26","date_gmt":"2025-06-19T10:13:26","guid":{"rendered":"https:\/\/www.asta-lueneburg.de\/?p=22590"},"modified":"2025-06-19T12:13:28","modified_gmt":"2025-06-19T10:13:28","slug":"asta-newsletter-vom-06-06-2025","status":"publish","type":"post","link":"https:\/\/www.asta-lueneburg.de\/en\/post\/asta-newsletter-vom-06-06-2025-22590\/","title":{"rendered":"AStA Newsletter vom 06.06.2025"},"content":{"rendered":"\n<p><strong>ENGLISH VERSION BELOW <\/strong><\/p>\n\n\n\n<p><strong>Alaaaarm!<\/strong><br>It\u2019s lunatic o\u2019clock. Keine Zeit verlieren und hoch die H\u00e4nde Wochenende!!!!! Ab geht die Post. Seid ihr readyyyy? Ok jut is, habt ein sch\u00f6nes Wochenende &lt;3<\/p>\n\n\n\n<p><strong>Queere Ringvorlesung: Wie sehr pr\u00e4gt ein unbewusster Gender Bias unser Leben \u2013 und welche Rolle spielt Werbung dabei? &#8211; Vortrag \/\/ 12.06. \ud83e\udd33<\/strong><strong><br><\/strong>Werfen wir einen kritischen Blick auf Gendermarketing und wie tief verankerte Geschlechterklischees unser Denken und Handeln beeinflussen \u2013 in allen Lebensbereichen. Ob in der Kindererziehung, im Berufsleben oder bei der Aufgabenverteilung im Haushalt: Stereotype Geschlechterbilder wirken subtil, aber wirkungsvoll. Was dazu beitr\u00e4gt, dass sich diese Rollen verfestigen und Gleichberechtigung aktiv verhindert wird, das erfahrt ihr im interaktiven digitalen Vortrag mit Tina L\u00fcderitz von Klische*esc. Lasst uns gemeinsam hinterfragen, wie Geschlecht in Marketing und Konsum konstruiert wird, wie dies unseren Alltag beeinflusst \u2013 und wie wir uns davon befreien.<br>WannWoWie? 12. Juni 19 Uhr, Zoom und gemeinsames Schauen im WoZi, kostenlos<\/p>\n\n\n\n<p><strong>Coraci Filmscreening: Futur Drei \u2013 eine postmigrantische, queere Coming-of-Age-Geschichte \/\/ 13.06. \ud83d\udcab [auf Deutsch\/Farsi mit englischen Untertiteln]<\/strong><strong><br><\/strong>In diesem k\u00fcnstlerisch ber\u00fchrenden Deb\u00fct von Faraz Shariat begleiten wir Parvis, den Sohn iranischer Einwanderer, bei seiner Suche nach Identit\u00e4t, Liebe und Zugeh\u00f6rigkeit in einer deutschen Kleinstadt. Durch Popkultur, Grindr-Kontakte, Raves und unerwartete Freundschaften mit Amon sowie Banafshe in einem Fl\u00fcchtlingsheim verstrickt sich Parvis in ein fragiles Liebesdreieck, das mit der Zeit offenbart, wie ungleich ihre individuellen Zukunftsaussichten in Deutschland sind. Anschlie\u00dfend gibt es ein gem\u00fctliches get-together! Es gibt Snacks und Getr\u00e4nke auf Spendenbasis. Der Film ist ab 16 Jahren freigegeben und enth\u00e4lt einige Szenen mit expliziten sexuellen Inhalten. Wenn ihr Fragen dazu habt, k\u00f6nnt ihr euch gerne \u00fcber Instagram (@coraci.festival) oder per E-Mail (coraci@asta-lueneburg.de) an uns wenden. Trailer: <a href=\"https:\/\/m.youtube.com\/watch?v=_c4zydiCZhM&amp;pp=ygUaRnV0dXIgZHJlaSBUcmFpbGVyIEVuZ2xpc2g%3D\">https:\/\/m.youtube.com\/watch?v=_c4zydiCZhM&amp;pp=ygUaRnV0dXIgZHJlaSBUcmFpbGVyIEVuZ2xpc2g%3D<br><\/a>WannWoWie? 13. Juni, 19 Uhr, mosaique, Eintritt frei<\/p>\n\n\n\n<p><strong>Queere Ringvorlesung: Queer as Volk: The Far-Right\u2019s Queer Faces and the Limits of Liberal Analysis &#8211; Workshop \/\/ 16.06. \u270a [in English]<\/strong><br>This workshop examines German-Hungarian right-wing collaborations\u2014both historical and contemporary\u2014focusing on examples such as the cooperation between the Saxon LKA and the Hungarian judiciary in the Antifa trials surrounding Maja T. The second half of the session invites participants into an interactive analysis of counter-narratives and resistance strategies. Through collective exploration of resistance aesthetics, slogans, and memes, the workshop analyzes which narratives genuinely subvert authoritarian logic, and which inadvertently reproduce right-wing messaging or victimhood. The goal is to identify more effective strategies for cultural and political opposition.<br>WannWoWie? June 16, 5pm, Zoom and collective participating in WoZi, for free<\/p>\n\n\n\n<p><strong>Queere Ringvorlesung: Romantik als Norm und Gewaltform 101 &#8211; Vortrag \/\/ 17.06. \u2764\ufe0f\u200d\ud83e\ude79<br><\/strong>Vortrag und Gespr\u00e4ch von und mit ace_arovolution. Ob in romantischen Kom\u00f6dien, bei der Familienfeier oder im Kollegium \u2013 Romantik und alles, was \u2018dazugeh\u00f6rt\u2019, wird oftmals als das Nonplusultra dargestellt. Aber was, wenn daraus dann Normen, Verpflichtungen und Gewalt werden? Wie sieht das aus und was k\u00f6nnen wir dagegen tun? Ein \u00dcberblick \u00fcber Begriffe und Konzepte mit anschlie\u00dfender Austauschrunde.<br>WannWoWie? 17. Juni 18:15 Uhr, Zoom und gemeinsames Schauen im WoZi, kostenlos<\/p>\n\n\n\n<p><strong>Vakuum Gang &amp; Ge\/\u00e4be &#8211; bitte was \/\/ 19.06. \ud83e\ude85<\/strong><strong><br><\/strong>Gang &amp; Ge\/\u00e4be ist eine regelm\u00e4\u00dfig stattfindende Vakuum Veranstaltungsreihe, die euch innerhalb stressiger Unitage eine unkomplizierte Auszeit zum Feiern und Abschalten verschaffen m\u00f6chte. Wir starten fr\u00fch und h\u00f6ren fr\u00fch auf &#8211; ideal also, um feiern zu gehen, ohne dass der n\u00e4chste Tag leidet. Und falls ihr lieber entspannt auf eine Limo oder ein Bier vorbeischauen wollt, seid ihr genauso willkommen! Das Line-Up erfahrt ihr demn\u00e4chst hier, auf Telegram (https:\/\/t.me\/vakuuminfo) oder Insta (@vakuum_asta)! Also, packt eure Freund*innen ein und kommt vorbei \u2013 wir freuen uns auf euch!<br>WannWoWie? 19. Juni, Geb\u00e4ude 9, Uhrzeit tba<\/p>\n\n\n\n<p><strong>Demo f\u00fcr die L\u00fcneburger Symphoniker! Wegweisende Entscheidungen f\u00fcr das L\u00fcneburger Kulturleben! \/\/ 11.06. \ud83c\udfb6<\/strong><br>Liebe Freund*innen der L\u00fcneburger Symphoniker und des Theaters L\u00fcneburg, liebe Musikfans und Neugierige! Am Mittwoch, den 11. Juni tagen um 16.00 Uhr in der Ritterakademie die Kulturaussch\u00fcsse von Stadt und Landkreis. In dieser Sitzung geht es erfreulicherweise um die dreij\u00e4hrige Absicherung des Theaters als 3-Sparten-Haus! Jedoch soll auch die sozialvertr\u00e4gliche Verkleinerung des Orchesters beschlossen werden! Bei ohnehin nur 29 Stellen w\u00fcrde das ein langsames Sterben bedeuten und es g\u00e4be NOCH weniger Festanstellungen f\u00fcr Hochschulabsolvent:innen. Bitte kommt ab 15:30 zur Demo und unterst\u00fctzt uns!!! DANKE !<br>WannWoWie? 11. Juni, 15:30 Uhr, Ritterakademie, Demonstration<\/p>\n\n\n\n<p><strong>Mahnwache Keine A39 vom KlimaKollektiv \/\/ 15.06. \u274c<\/strong><br>Es wird leider immer noch eine neue Autobahn zwischen L\u00fcneburg und Wolfsburg geplant. Das bedeutet eine mehr als 100 km neue breite Stra\u00dfe f\u00fcr noch mehr Autoverkehr und f\u00fcr Milliarden Euro &#8211; Geld das eigentlich dringend f\u00fcr den Ausbau des \u00d6PNV gebraucht wird. Das L\u00fcner Holz ist ein Waldgebiet ca. 2 km von der Innenstadt entfernt, wo viele B\u00e4ume gef\u00e4llt werden sollen, um die Autobahn zu bauen. Komm vorbei und informier dich bei Kaffee und Kuchen wie wir die A39 verhindern k\u00f6nnen. Weitere Infos auf Insta (@klimakollektiv_luneburg) oder im Telegram Infochannel (https:\/\/t.me\/KeineA39). Der Fahrradzubringer startet 12:30 Uhr auf dem Marktplatz.<br>WannWoWie? 15. Juni, 13-16 Uhr, Fu\u00df- und Radbr\u00fccke im L\u00fcner Holz. Koordinaten: 53.2684 N, 10.4344 E<\/p>\n\n\n\n<p><strong>Kiez-Eck Bauworkshop \/\/ 08.06. \u2692\ufe0f<\/strong><strong><br><\/strong>Lust mal anzupacken, anstatt die Ohren zu spitzen? Dann sei dabei bei unserem Kiez-Eck Bauworkshop! Wir wollen ein transdisziplin\u00e4res Forschungsprojekt in nachhaltiger Stadtentwicklung in L\u00fcneburg umsetzen &#8211; mit dir! Gemeinsam mit B\u00fcrger*innen aus L\u00fcneburg (Stadtbezirk Neu Hagen) bauen wir ein Kiez-Eck: einen dreiseitigen, interaktiven Infopoint mit Platz f\u00fcr Aush\u00e4nge, Tauschregal und mehr. Du brauchst keine Expertise \u2013 wir lernen gemeinsam, wie man ein Kommunikationsmittel erfolgreich baut und umsetzt. F\u00fcr&nbsp; Verpflegung ist gesorgt mit veganen Stullen und frischen Getr\u00e4nken! Anmeldung: <a href=\"https:\/\/mathilda1234.limesurvey.net\/987551\">https:\/\/mathilda1234.limesurvey.net\/987551<\/a> Instagram: @neuhagenkiezeck<br>Wir freuen uns auf dich! Euer Kiez-Eck Team! (Emi, Mathilda, Carina, Milena &amp; Sarah)<br>WannWoWie? 08. Juni, 10-17 Uhr (komm vorbei, wann es dir passt!), WerkStadt L\u00fcneburg<\/p>\n\n\n\n<p><strong>Veranstaltungsreihe Klimakommunikation: Gastvortrag von Joeline Schulz \/\/ 10.06. \ud83e\udeb8<\/strong><br>Am kommenden Dienstag findet der zweite Vortrag der Veranstaltungsreihe Klimakommunikation statt. Joeline Schulz kommt an die Leuphana und wird zum Thema &#8220;Communication is key! Mit Empathie und Verst\u00e4ndnis Br\u00fccken bauen&#8221; referieren und f\u00fcr Fragen zur Verf\u00fcgung stehen. F\u00fcr genauere Infos zum Inhalt des Vortrages k\u00f6nnt ihr gern bei uns auf Insta vorbeischauen: @napsy_lueneburg. Auch danach wird es weiterhin alle zwei Wochen eine Veranstaltung geben: auf euch warten noch ein dritter Vortrag sowie ein PubQuiz und eine Filmvorf\u00fchrung! Wir freuen uns auf euch und alle eure Freund*innen.<br>WannWoWie? 10. Juni, 18 Uhr, H\u00f6rsaal 3, Eintritt frei<\/p>\n\n\n\n<p><strong>Seebr\u00fccke Lesung: \u201cAlles nur Einzelf\u00e4lle? Das System hinter der Polizeigewalt\u201d mit Mohamed Amjahid \/\/ 11.06. \ud83d\udea8<br><\/strong>Rassistische und antisemitische Polizei-Chats, Machtmissbrauch im Amt, Racial Profiling, weit verzweigte rechtsextreme Netzwerke, t\u00f6dliche Polizeigewalt \u2013 laut Innenministerien und Sicherheitsbeh\u00f6rden alles nur Einzelf\u00e4lle. Doch basierend auf repr\u00e4sentativen Studien, langj\u00e4hrigen investigativen Recherchen und pers\u00f6nlichen Erlebnissen deckt Mohamed Amjahid auf, wie tief das Polizeiproblem in Deutschlands Sicherheitsarchitektur verwurzelt ist. Es wird M\u00f6glichkeiten f\u00fcr Diskussion und Fragen geben und am Ende kann das Buch auch gekauft werden. Der Eintritt ist kostenlos und es gibt exklusiv 20 Pl\u00e4tze zur Vorreservierung f\u00fcr Studis! Schick dazu einfach eine Mail an lueneburg@seebruecke.org &#8211; ansonsten ist keine Anmeldung notwendig. Der Ort ist barrierefrei erreichbar.<br>WannWoWie? 11. Juni, 18:30-21 Uhr, Ratsb\u00fccherei L\u00fcneburg, auf Spendenbasis<\/p>\n\n\n\n<p><strong>Vortrag: Trinkwasserqualit\u00e4t &#8211; Wasser. Leben. Verantwortung \/\/ 11.06 \ud83c\udf0a<\/strong><br>Der Klimawandel stellt die Trinkwasserversorgung vor wachsende Herausforderungen: L\u00e4ngere Trockenperioden, steigende Temperaturen und ver\u00e4nderte Stoffeintr\u00e4ge beeinflussen zunehmend Qualit\u00e4t und Verf\u00fcgbarkeit. Im Rahmen der Veranstaltungsreihe \u201eWasser. Leben. Verantwortung.\u201c laden wir in Kooperation mit dem Wasserforum L\u00fcneburg e.V. herzlich zu einem Vortrag mit anschlie\u00dfender Diskussion zu den Herausforderungen und L\u00f6sungsans\u00e4tzen f\u00fcr den Erhalt der Trinkwasserqualit\u00e4t von Prof. Dr. Klaus K\u00fcmmerer ein. Bitte bis zum 10.06. \u00fcber folgenden Link anmelden: <a href=\"https:\/\/forms.office.com\/e\/LT637YqLiG?origin=lprLink\">https:\/\/forms.office.com\/e\/LT637YqLiG?origin=lprLink<\/a> Die Teilnahme ist kostenfrei.<br>WannWoWie? 11. Juni, 17 Uhr, Museum L\u00fcneburg<\/p>\n\n\n\n<p><strong>Self defence for FLINTA* students \/\/ 14.06. \ud83d\udd25&nbsp; [auf Englisch]<\/strong><br>How do I stand and move safely? What do I need to consider in dangerous\/fearful situations regarding the perception of my surroundings? What role does my ability to react play? How do I behave as an eyewitness in a threatening situation? This workshop focusses on physical self-defence and is open to FLINTA* students (for students who identify as female, lesbian, intersex, non-binary, transgender or agender). Registration: Office for Equal Opportunities: <a href=\"mailto:beate.friedrich@leuphana.de\">beate.friedrich@leuphana.de<br><\/a>WannWoWie? 14. Juni, 11-17 Uhr, Studio 21<\/p>\n\n\n\n<p><strong>XpressiveDance Tanzproduktion Premiere \/\/ 18.06. \ud83c\udf00<\/strong><br>Es ist endlich soweit! Nach monatelangem Choreographieren, Vernetzen &amp; Proben kommt XpressiveDance am 18.06. auf die B\u00fchne ins Auditorium. Mit Take Initiative! an unserer Seite haben wir die Initiative \ud83d\ude09 ergriffen eine einzigartige Tanzproduktion ins Leben zu&nbsp; rufen, bei dem viele kreative K\u00f6pfe aus verschiedenen Stilen und Erfahrungsgraden zusammengefunden haben. Wir m\u00f6chten auf der B\u00fchne \u201eDas ICH im WIR\u201c erforschen \u2013 welche Rolle hat man als Individuum im Kollektiv? Wie kann man die eigene Einzigartigkeit embracen und sich gegenseitig empowern? Wir laden euch herzlich ein, auf Spendenbasis vorbeizuschauen und mit uns das gro\u00dfe Finale unseres Herzensprojekts zu feiern!<br>18. Juni, 19 Uhr, Auditorium, auf Spendenbasis<\/p>\n\n\n\n<p><strong>Strickclub \/\/ 19.06. \ud83e\uddf6<\/strong><strong><br><\/strong>Hallo an alle Strick- und H\u00e4kelm\u00e4use! Wir finden gemeinsam macht Handarbeiten viel mehr Spa\u00df &#8211; deshalb wollen wir mit euch einen Strickclub ins Leben rufen! Ihr habt auch Lust auf gemeinsames Kaffee schl\u00fcrfen, Ratschl\u00e4ge und Strickmuster austauschen und quatschen? Dann bringt euer Projekt mit und kommt vorbei &#8211; alle Altersgruppen und Gender sind herzlich willkommen! Da wir die R\u00e4ume vom Avenir nutzen d\u00fcrfen, freut sich das Caf\u00e9, wenn ihr bei finanzieller M\u00f6glichkeit ein Getr\u00e4nk konsumiert. Anmeldung unter: strickclub.lueneburg@gmail.com<br>WannWoWie? 19. Juni, 15-17 Uhr, Avenir R\u00f6sterei<\/p>\n\n\n\n<p><strong>Akademische Gremienwahlen: Wahlhelfer*innen f\u00fcr die Wahlaussicht gesuchtg \/\/ 24.-26.06. \ud83d\udc8c<\/strong><br>f\u00fcr die Durchf\u00fchrung der akademischen Gremienwahlen vom 24.-26. Juni werden noch Wahlhelfer*innen ben\u00f6tigt, die f\u00fcr ca. 1,5-2 Stunden (gerne auch l\u00e4nger) im Wahllokal die Wahlaufsicht \u00fcbernehmen. Die Wahlen werden in einem abgegrenzten Teil der Mensa durchgef\u00fchrt. Geplant sind f\u00fcr die Wahl zum Senat und zu den Fakult\u00e4tsr\u00e4te zwei Tische so dass mehrerer Wahlhelfer*innen ben\u00f6tigt werden, die f\u00fcr einen geregelten Ablauf im Wahllokal sorgen. Die Aufsichtf\u00fchrenden sollen aus verschiedenen Statusgruppen stammen. Gern bis zum 17.06. unter <a href=\"mailto:wahlleitung@leuphana.de\">wahlleitung@leuphana.de<\/a> melden.&nbsp;<\/p>\n\n\n\n<p><strong>SemesterticketKultur \/ FreiKarte \ud83c\udf9f\ufe0f<\/strong><strong><br><\/strong>Alle Infos zum Semesterticketkultur findet ihr auf unserer Website <em>(<\/em><a href=\"https:\/\/www.asta-lueneburg.de\/kultur\/semesterticketkultur\/\">https:\/\/www.asta-lueneburg.de\/kultur\/semesterticketkultur\/<\/a>) oder im Newsletter vom 07.02.2025.<br><br><strong>Demn\u00e4chst im SemesterticketKultur:&nbsp;<\/strong><\/p>\n\n\n\n<p><strong>Englischsprachige Sonntagsgeschichte: Internationale Perspektiven im Museum L\u00fcneburg \/\/ 08.06. \ud83d\uddbc\ufe0f<\/strong><strong><br><\/strong>Am Pfingstsonntag, den 8. Juni um 15:00 Uhr l\u00e4dt das Museum L\u00fcneburg zu einer englischsprachigen Themenf\u00fchrung ein. Unter dem Titel \u201eEnglish Tour of International Connections and Conceptions in the Museum\u201c erhalten Besucher*innen die Gelegenheit, die Ausstellung aus einer internationalen Perspektive zu erleben. Von r\u00f6mischem Tafelgeschirr, das in den Gr\u00e4bern germanischer S\u00f6ldner gefunden wurde, bis hin zu detailreichen Landkarten wie der Ebstorfer Landkarte \u2013 zahlreiche Objekte im Museum erz\u00e4hlen von globalem Handel, Fernreisen und internationalen Gelehrtennetzwerken. Was k\u00f6nnen diese Exponate \u00fcber die Geschichte und Entwicklung L\u00fcneburgs und die Einstellung der Bewohner*innen zur Welt verraten?<br>WannWoWie? 8. Juni, 15 Uhr, Museum L\u00fcneburg, freier Eintritt mit dem Semesterticket Kultur<\/p>\n\n\n\n<p><strong>Ruth Hoffmann: \u201cDas deutsche Alibi. Mythos Stauffenberg-Attentat \u2013 wie der 20. Juli 1944 verkl\u00e4rt und politisch instrumentalisiert wird\u201c \ud83d\udcd6 \/\/ 11.06.<\/strong><br>Die Journalistin Ruth Hoffmann unternimmt eine umfassende und l\u00e4ngst \u00fcberf\u00e4llige Dekonstruktion des Mythos \u201eStauffenberg-Attentat\u201c und zeichnet nach, wie der 20. Juli seit Gr\u00fcndung der Bundesrepublik politisch instrumentalisiert wird: mal um sich gegen die DDR abzusetzen und kommunistische Widerst\u00e4ndler zu diffamieren; mal um Politiker*innen, die mit dem NS-Regime kollaboriert hatten, eine N\u00e4he zum Widerstand anzudichten; oder, wie neuerdings die AfD, um die eigene Demokratiefeindlichkeit mit einem angeblichen Widerstandsgeist in der Tradition Stauffenbergs zu kaschieren. \u201eDas deutsche Alibi\u201c wurde mit dem Sachbuchpreis der ZEIT STIFTUNG BUCERIUS 2024 ausgezeichnet und war f\u00fcr den Deutschen Sachbuchpreis und den NDR Sachbuchpreis nominiert.<br>WannWoWie? 11. Juni, 19 Uhr, Foyer des Museums L\u00fcneburg, ab 8\u20ac (Kostenlose Restkarten 30 Minuten vor Veranstaltungsbeginn an der Abendkasse)<br><\/p>\n\n\n\n<p><strong>Theater: Yvonne, Prinzessin von Burgund \/\/ 27.06. \ud83c\udfad<\/strong><strong><br><\/strong>Prinz Philipp lebt ein sorgenfreies Leben am Hof, doch er ist von der Monotonie gelangweilt. Um f\u00fcr Abwechslung zu sorgen, beschlie\u00dft er, die b\u00fcrgerliche, schweigsame und unscheinbare Yvonne zu heiraten \u2013 sehr zum Entsetzen der Hofgesellschaft. Yvonne passt nicht in die Welt des Adels: Sie ist still, unansehnlich und reagiert nicht auf Spott oder Grausamkeit. Gerade dieses beharrliche Schweigen bringt Unruhe, Angst und Aggression in die h\u00f6fische Welt. Die Gesellschaft beginnt, sich selbst zu entlarven. In Yvonne, die Burgunderprinzessin entlarvt Gombrowicz mit bei\u00dfendem Humor die Angst vor dem Anderen und legt die Abgr\u00fcnde einer scheinbar heilen Gesellschaft offen.<br><strong>Trigger Warnung:<\/strong> Darstellung von verbaler und k\u00f6rperlicher Gewalt, Thematisierung von sexualisierter Gewalt (Vergewaltigung) und Suizid.<br>WannWoWie? 27. Juni, 20 Uhr, Theater L\u00fcneburg, ab 14,10\u20ac (Kostenlose Restkarten 30 Minuten vor Veranstaltungsbeginn an der Abendkasse)<\/p>\n\n\n\n<p>Tschuuuu<br>Habt ein sch\u00f6nes Wochenende!<br>Euer AStA<\/p>\n\n\n\n<p>Du willst einen Beitrag f\u00fcr den Newsletter einreichen? Dann f\u00fcll gern dieses Formular aus: <a href=\"https:\/\/www.asta-lueneburg.de\/service\/beitrag-einreichen\/\">https:\/\/www.asta-lueneburg.de\/service\/beitrag-einreichen\/<\/a> Bei Fragen sind wir unter <a href=\"mailto:veranstaltungen@asta-lueneburg.de\">veranstaltungen@asta-lueneburg.de<\/a> erreichbar.&nbsp;<\/p>\n\n\n\n<p><br>Instagram: https:\/\/www.instagram.com\/astaunilueneburg\/<br>Telegram Newsletter (DE): <a href=\"https:\/\/t.me\/astanews\">https:\/\/t.me\/astanews<br><\/a>Telegram Newsletter (ENG): <a href=\"https:\/\/t.me\/astanewsEN\">https:\/\/t.me\/astanewsE<\/a>N<br>Website: <a href=\"https:\/\/www.asta-lueneburg.de\/news\/aktuelles\/newsletter\/\">https:\/\/www.asta-lueneburg.de\/news\/aktuelles\/newsletter\/<\/a>&nbsp;<\/p>\n\n\n\n<p>##<\/p>\n\n\n\n<p><strong>Alaaaarm! <\/strong><strong><br><\/strong>It&#8217;s lunatic o&#8217;clock. Don&#8217;t waste your time &amp; Hoch die H\u00e4nde Wochenende!!!!!! Off you go. Are you readyyyyy? Ok enough have a fun weekend &lt;3<\/p>\n\n\n\n<p><strong>Queere Ringvorlesung: How much does unconscious gender bias shape our lives \u2013 and what role does advertising play in this? \/\/ 12.06. \ud83e\udd33[in German]<\/strong><strong><br><\/strong>Let&#8217;s take a critical look at gender marketing and how deeply rooted gender stereotypes influence our thoughts and actions \u2013 in all areas of life. Whether in raising children, in professional life, or in the division of household tasks: stereotypical gender images have a subtle but powerful effect. Find out what contributes to the consolidation of these roles and actively prevents equality in an interactive digital lecture with Tina L\u00fcderitz from Klische*esc. Let&#8217;s question together how gender is constructed in marketing and consumption, how this influences our everyday lives \u2013 and how we can free ourselves from it.<br>WhereWhenWhat? June 12, 7pm, Zoom + public viewing in the AStA WoZi, free of charge<br><\/p>\n\n\n\n<p><strong>Coraci film screening: Futur Drei &#8211; a post-migrant, queer coming-of-age story \/\/ 13.06. \ud83d\udcab [in German\/Farsi with English subtitles]<\/strong><br>In this artistically touching debut by Faraz Shariat, we follow Parvis, the son of Iranian immigrants, in his search for identity, love and belonging in a small German town. Through pop culture, Grindr contacts, raves and unexpected friendships with Amon and Banafshe in a refugee home, Parvis becomes entangled in a fragile love triangle that, over time, reveals how unequal their individual futures are in Germany. Afterwards there will be a cozy get-together! There will be snacks and drinks on a donation basis. The movie is rated 16+ and contains some scenes with explicit sexual content. If you have any questions, please feel free to contact us via Instagram (@coraci.festival) or email (coraci@asta-lueneburg.de). Trailer: https:\/\/m.youtube.com\/watch?v=_c4zydiCZhM&amp;pp=ygUaRnV0dXIgZHJlaSBUcmFpbGVyIEVuZ2xpc2g%3D<br>WhereWhenWhat? June 13, 7pm, mosaique, free admission<\/p>\n\n\n\n<p><strong>Queere Ringvorlesung: Queer as Volk: The Far-Right\u2019s Queer Faces and the Limits of Liberal Analysis &#8211; Workshop \/\/ 16.06. \u270a\u00a0<\/strong><br>This workshop examines German-Hungarian right-wing collaborations\u2014both historical and contemporary\u2014focusing on examples such as the cooperation between the Saxon LKA and the Hungarian judiciary in the Antifa trials surrounding Maja T. The second half of the session invites participants into an interactive analysis of counter-narratives and resistance strategies. Through collective exploration of resistance aesthetics, slogans, and memes, the workshop analyzes which narratives genuinely subvert authoritarian logic, and which inadvertently reproduce right-wing messaging or victimhood. The goal is to identify more effective strategies for cultural and political opposition.<br>WannWoWie? June 16, 5pm, Zoom and collective participating in WoZi, free of charge<\/p>\n\n\n\n<p><strong>Queere Ringvorlesung: Romanticism as the norm and a form of violence 101 &#8211; Lecture \/\/ 17.06. \u2764\ufe0f\u200d\ud83e\ude79 [in German]<\/strong><br>Lecture and discussion by and with ace_arovolution. Whether in romantic comedies, at family celebrations, or among colleagues, romance and everything that goes with it is often portrayed as the ultimate ideal. But what if this then turns into norms, obligations, and violence? What does this look like, and what can we do about it? An overview of terms and concepts followed by a discussion.<br>WhereWhenWhat? June 17, 6.15pm, Zoom+ public viewing in the WoZi, free of charge<\/p>\n\n\n\n<p><strong>Vakuum Gang &amp; Ge\/\u00e4be &#8211; huh? \/\/ 19.06. \ud83e\ude85<\/strong><br>Gang &amp; Ge\/\u00e4be (=common practice, old German) is a regular series of events that aims to give you an uncomplicated break to party and unwind during stressful university days. We start early and finish early &#8211; so it&#8217;s ideal to go partying without having to suffer the next day. And if you&#8217;d rather drop by for a soda or a beer, you&#8217;re just as welcome! Soon you&#8217;ll read more about the line-up here, on Telegram (https:\/\/t.me\/vakuuminfo) or on Insta (@vakuum_asta). So, pack your friends and come along &#8211; we look forward to seeing you!<br>WhereWhenWhat? June 19, Building 9, time tba<\/p>\n\n\n\n<p><strong>Demonstration for the L\u00fcneburg Symphony Orchestra! Important decisions about culture in L\u00fcneburg! \/\/ 11.06. \ud83c\udfb6<\/strong><br>Dear friends of the L\u00fcneburg Symphony Orchestra and Theater L\u00fcneburg, dear music fans and curious people! On Wednesday, June 11 at 4pm, the cultural committees of the city and district will meet in the Ritterakademie. Fortunately, this meeting will focus on securing the theater as a 3-division house for three years! However, the socially responsible downsizing of the orchestra is also to be decided! With only 29 positions anyway, this would mean a slow death and there would be EVEN fewer permanent positions for university graduates. Please come to the demonstration from 3:30pm and support us!!! THANK YOU !<br>WhereWhenWhat? June 11, 3.30pm, Ritterakademie, demonstration<\/p>\n\n\n\n<p><strong>Vigil &#8220;No A39&#8221; by KlimaKollektiv \/\/ 15.06. \u274c<\/strong><br>A new motorway between L\u00fcneburg and Wolfsburg is still being planned. This means a new road of more than 100 km for more car traffic and for billions of euros &#8211; money that is actually urgently needed for the expansion of public transport. The L\u00fcner Holz is a forst about 2km from the city centre where many trees are to be felled for the motorway. Come by and find out over coffee and cake how we can prevent the motorway A39. More information on Insta (@klimakollektiv_luneburg) or in the Telegram Infochannel (https:\/\/t.me\/KeineA39). The biketour starts at 12:30 o&#8217;clock at Marktplatz.<br>WhereWhenWhat? June 15, 1-4pm, foot and cycle bridge in L\u00fcner Holz. Coordinates: 53.2684 N, 10.4344 E\u00a0<\/p>\n\n\n\n<p><strong>Kiez-Eck construction workshop \/\/ 08.06. \u2692\ufe0f<\/strong><strong><br><\/strong>We want to implement a transdisciplinary research project in sustainable urban development in L\u00fcneburg &#8211; with you! Together with citizens from L\u00fcneburg, we\u2019ll build a Kiez-Eck: a three-sided, interactive info point with space for notices, exchange shelf, and more. You don&#8217;t need any expertise &#8211; we&#8217;ll learn together how to successfully implement a communication tool. Vegan sandwiches &amp; fresh drinks provided! Registration: <a href=\"https:\/\/mathilda1234.limesurvey.net\/987551\">https:\/\/mathilda1234.limesurvey.net\/987551<\/a> Instagram: @neuhagenkiezeck<br>We look forward to seeing you! Your Kiez-Eck team! (Emi, Mathilda, Carina, Milena &amp; Sarah)<br>WhereWhenWhat? June 8, 10am-5pm (drop by whenever suits you!), WerkStadt L\u00fcneburg<\/p>\n\n\n\n<p><strong>NaPsy Event series climate communication: guest lecture by Joeline Schulz \/\/ 10.06. \ud83e\udeb8<\/strong><br>The second lecture in our Climate Communication series will take place next Tuesday. Joeline Schulz comes to Leuphana and will speak on the topic &#8220;Communication is key! Mit Empathie und Verst\u00e4ndnis Br\u00fccken bauen&#8221; and be available for questions. For more detailed information about the content of the presentation, feel free to check us out on Instagram: @napsy_lueneburg. There will still be an event every two weeks after that: a third lecture, as well as a pub quiz and a film screening, are still waiting for you! We&#8217;re looking forward to seeing you and all your friends.<br>WhereWhenWhat? June 10, 6pm, lecture hall 3, free admission&nbsp;<\/p>\n\n\n\n<p><strong>Seebr\u00fccke reading: \u201cAll just isolated cases? The system behind police violence\u201d with Mohamed Amjahid \/\/ 11.06. \ud83d\udea8 [in German] <br><\/strong>Racist and anti-Semitic police chats, abuse of power in office, racial profiling, widespread right-wing extremist networks, deadly police violence \u2013 according to interior ministries and security authorities, these are all just isolated cases. But based on representative studies, years of investigative research, and personal experiences, Mohamed Amjahid reveals how deeply rooted the police problem is in Germany&#8217;s security architecture.\u00a0<br>There will be opportunities for discussion and questions. Admission is free and there are 20 exclusive places available for students to reserve in advance! Simply send an email to lueneburg@seebruecke.org. Otherwise no registration needed.The venue is wheelchair accessible.<br>WhereWhenWhat? June 11, 6.30-9pm, L\u00fcneburg Council Library (Ratsb\u00fccherei), on a donation basis<\/p>\n\n\n\n<p><strong>Lecture: Drinking water quality &#8211; Water. Life. Responsibility \/\/ 11.06 \ud83c\udf0a [in German]<\/strong><\/p>\n\n\n\n<p>Climate change poses growing challenges for drinking water supplies: Longer periods of drought, rising temperatures and changes in substance inputs are increasingly affecting quality and availability. As part of the event series \u201cWater. Life. Responsibility.\u201d in cooperation with Wasserforum L\u00fcneburg e.V., we cordially invite you to a lecture followed by a discussion on the challenges and solutions for maintaining drinking water quality by Prof. Dr. Klaus K\u00fcmmerer. Please register by 10.06. via the following link: https:\/\/forms.office.com\/e\/LT637YqLiG?origin=lprLink Participation is free of charge.\u00a0<br>WhereWhenWhat? June 11, 5pm, Museum L\u00fcneburg<\/p>\n\n\n\n<p><strong>Self defence for FLINTA* students \/\/ 14.06. \ud83d\udd25<\/strong><br>How do I stand and move safely? What do I need to consider in dangerous\/fearful situations regarding the perception of my surroundings? What role does my ability to react play? How do I behave as an eyewitness in a threatening situation? This workshop focusses on physical self-defence and is open to FLINTA* students (for students who identify as female, lesbian, intersex, non-binary, transgender or agender). Registration: Office for Equal Opportunities: <a href=\"mailto:beate.friedrich@leuphana.de\">beate.friedrich@leuphana.de<br><\/a>WannWoWie? 14. Juni, 11-17 Uhr, Studio 21<\/p>\n\n\n\n<p><strong>XpressiveDance production premiere \/\/ 18.06. \ud83c\udf00<\/strong><br>The time has finally come! After months of choreographing, networking and rehearsing, XpressiveDance will take to the stage in the Auditorium on June 18th. With Take Initiative! at our side, we have taken the initiative \ud83d\ude09 to create a unique dance production that brings together many creative minds from different styles and levels of experience. We want to explore how to \u201cBREAK FREE\u201d on stage &#8211; what role do you have as an individual in the collective? How can we embrace our own uniqueness and empower each other? Come by on donation basis to&nbsp; celebrate with us!<br>WhereWhenWhat? June 18, 7pm, Auditorium, donation basis<\/p>\n\n\n\n<p><strong>Knitting club \/\/ 19.06. \ud83e\uddf6<\/strong><strong><br><\/strong>Hey yarn lovers! Knitting and crocheting is just more fun when we do it together \u2013 so let\u2019s start a knitting club! Into coffee, chatting, sharing tips and patterns, and getting inspired by others? Bring whatever you&#8217;re working on and join us &#8211; all age groups and genders are warmly welcome! Since we\u2019re allowed to use the space at Avenir, the caf\u00e9 would appreciate&nbsp; it if you could support them by purchasing a drink, if you\u2019re financially able to. Wanna join? Email us at: strickclub.lueneburg@gmail.com<br>WhereWhenWhat? June 19, 3-5pm, Avenir R\u00f6sterei<\/p>\n\n\n\n<p><strong>Academic committee elections: Election helpers wanted for the election prospect \/\/ June 24-26 \ud83d\udc8c<\/strong><strong><br><\/strong>For the academic committee elections from June 24-26, we still need election assistants to supervise the elections for approx. 1.5-2 hours (or longer) in the polling station. The elections will be held in a separate part of the canteen. Two tables are planned for the elections to the Senate and the Faculty Councils so that several election assistants are needed to ensure that everything runs smoothly in the polling station. The supervisors should come from different status groups. Please register by 17.06. at wahlleitung@leuphana.de.&nbsp;<\/p>\n\n\n\n<p><strong>SemesterTicket Culture \/ FreeTicket \ud83c\udf9f\ufe0f<\/strong><strong><br><\/strong>You can find all information about the semester ticket culture on our website (<a href=\"https:\/\/www.asta-lueneburg.de\/kultur\/semesterticketkultur\/\">https:\/\/www.asta-lueneburg.de\/kultur\/semesterticketkultur\/<\/a>) or in the newsletter from Feb 7, 2025.&nbsp;<\/p>\n\n\n\n<p><strong><br><\/strong><strong>Coming soon in the SemesterticketKultur:&nbsp;<\/strong><\/p>\n\n\n\n<p><strong>English-language Sunday story: International perspectives at Museum L\u00fcneburg \/\/ 08.06. \ud83d\uddbc\ufe0f<\/strong><\/p>\n\n\n\n<p>On Pentecost Sunday, June 8 at 3pm, the Museum L\u00fcneburg invites you to an English-language themed tour. Under the title \u201cEnglish Tour of International Connections and Conceptions in the Museum\u201d, visitors will have the opportunity to experience the exhibition from an international perspective. From Roman tableware found in the graves of Germanic mercenaries to detailed maps such as the Ebstorf map &#8211; numerous objects in the museum tell of global trade, long-distance travel and international networks of scholars. What can these exhibits reveal about the history and development of L\u00fcneburg and the attitude of its inhabitants towards the world?<br>WhereWhenWhat? June 8, 3 pm, Museum L\u00fcneburg, free admission with the semester ticket Culture<\/p>\n\n\n\n<p><strong>Ruth Hoffmann: \u201cThe German alibi. The Stauffenberg assassination myth &#8211; how July 20, 1944 is glorified and politically instrumentalized\u201d \ud83d\udcd6 \/\/ 11.06. [in German]<\/strong><\/p>\n\n\n\n<p>Journalist Ruth Hoffmann undertakes a comprehensive and long overdue deconstruction of the \u201cStauffenberg assassination\u201d myth and traces how the 20th of July has been politically instrumentalized since the founding of the Federal Republic of Germany. July has been politically instrumentalized since the founding of the Federal Republic of Germany: sometimes to distance oneself from the GDR and defame communist resisters; sometimes to accuse politicians who collaborated with the Nazi regime of being close to the resistance; or, as has recently been the case with the AfD, to conceal one&#8217;s own hostility to democracy with an alleged spirit of resistance in the tradition of Stauffenberg. \u201cDas deutsche Alibi\u201d was awarded the non-fiction prize of the ZEIT STIFTUNG BUCERIUS 2024 and was nominated for the German Non-Fiction Prize and the NDR Non-Fiction Prize.<br>WhereWhenWhat? June 11, 7pm, Foyer of the Museum L\u00fcneburg, from \u20ac8 (free remaining tickets 30 minutes before the start of the event at the box office)<\/p>\n\n\n\n<p><strong>Theater: Yvonne, Princess of Burgundy \/\/ 27.06. \ud83c\udfad [in German]<\/strong><br>Prince Philip lives a carefree life at court, but he is bored of the monotony. To change things up, he decides to marry the bourgeois, taciturn and inconspicuous Yvonne &#8211; much to the dismay of court society. Yvonne does not fit into the world of the nobility: she is quiet, unprepossessing and does not react to ridicule or cruelty. It is precisely this persistent silence that brings unrest, fear and aggression into the courtly world. Society begins to expose itself. In Yvonne, Princess of Burgundy, Gombrowicz exposes the fear of the Other with biting humor and reveals the abysses of a seemingly intact society.\u00a0<br>Trigger warning: depiction of verbal and physical violence, thematization of sexualized violence (rape) and suicide.<br>WhereWhenWhat? 27 June, 8pm, Theater L\u00fcneburg, from \u20ac14.10 (free remaining tickets 30 minutes before the start of the performance at the box office)<\/p>\n\n\n\n<p>Have a nice weekend!<br>Your AStA<\/p>\n\n\n\n<p>Would you like to submit an entry for the newsletter? Then please fill out this form: https:\/\/www.asta-lueneburg.de\/service\/beitrag-einreichen\/ If you have any questions, you can reach us at veranstaltungen@asta-lueneburg.de.&nbsp;<\/p>\n\n\n\n<p>Instagram: <a href=\"https:\/\/www.instagram.com\/astaunilueneburg\/\">https:\/\/www.instagram.com\/astaunilueneburg\/<br><\/a>Telegram Newsletter (DE): <a href=\"https:\/\/t.me\/astanews\">https:\/\/t.me\/astanews<br><\/a>Telegram Newsletter (ENG): <a href=\"https:\/\/t.me\/astanewsEN\">https:\/\/t.me\/astanewsE<\/a>N<br>Website: https:\/\/www.asta-lueneburg.de\/news\/aktuelles\/newsletter\/<\/p>\n","protected":false},"excerpt":{"rendered":"<p>ENGLISH VERSION BELOW Alaaaarm!It\u2019s lunatic o\u2019clock. Keine Zeit verlieren und hoch die H\u00e4nde Wochenende!!!!! Ab geht die Post. Seid ihr readyyyy? Ok jut is, habt ein sch\u00f6nes Wochenende &lt;3 Queere Ringvorlesung: Wie sehr pr\u00e4gt ein unbewusster&#46;&#46;&#46;<\/p>\n","protected":false},"author":50,"featured_media":0,"comment_status":"closed","ping_status":"closed","sticky":false,"template":"","format":"standard","meta":{"_lmt_disableupdate":"","_lmt_disable":"","ngg_post_thumbnail":0,"_jetpack_memberships_contains_paid_content":false,"footnotes":""},"categories":[131,382,55],"tags":[],"class_list":["post-22590","post","type-post","status-publish","format-standard","hentry","category-aktuelles","category-newsletter","category-veranstaltungen"],"modified_by":"Veranstaltungen","jetpack_featured_media_url":"","jetpack_sharing_enabled":true,"_links":{"self":[{"href":"https:\/\/www.asta-lueneburg.de\/en\/wp-json\/wp\/v2\/posts\/22590","targetHints":{"allow":["GET"]}}],"collection":[{"href":"https:\/\/www.asta-lueneburg.de\/en\/wp-json\/wp\/v2\/posts"}],"about":[{"href":"https:\/\/www.asta-lueneburg.de\/en\/wp-json\/wp\/v2\/types\/post"}],"author":[{"embeddable":true,"href":"https:\/\/www.asta-lueneburg.de\/en\/wp-json\/wp\/v2\/users\/50"}],"replies":[{"embeddable":true,"href":"https:\/\/www.asta-lueneburg.de\/en\/wp-json\/wp\/v2\/comments?post=22590"}],"version-history":[{"count":0,"href":"https:\/\/www.asta-lueneburg.de\/en\/wp-json\/wp\/v2\/posts\/22590\/revisions"}],"wp:attachment":[{"href":"https:\/\/www.asta-lueneburg.de\/en\/wp-json\/wp\/v2\/media?parent=22590"}],"wp:term":[{"taxonomy":"category","embeddable":true,"href":"https:\/\/www.asta-lueneburg.de\/en\/wp-json\/wp\/v2\/categories?post=22590"},{"taxonomy":"post_tag","embeddable":true,"href":"https:\/\/www.asta-lueneburg.de\/en\/wp-json\/wp\/v2\/tags?post=22590"}],"curies":[{"name":"wp","href":"https:\/\/api.w.org\/{rel}","templated":true}]}}