{"id":22325,"date":"2025-05-23T11:32:35","date_gmt":"2025-05-23T09:32:35","guid":{"rendered":"https:\/\/www.asta-lueneburg.de\/?p=22325"},"modified":"2025-05-23T11:32:36","modified_gmt":"2025-05-23T09:32:36","slug":"asta-newsletter-vom-23-05-2025","status":"publish","type":"post","link":"https:\/\/www.asta-lueneburg.de\/en\/post\/asta-newsletter-vom-23-05-2025-22325\/","title":{"rendered":"AStA Newsletter vom 23.05.2025"},"content":{"rendered":"\n<p><strong>ENGLISH VERSION BELOW<\/strong><\/p>\n\n\n\n<p><strong>Hejj, <\/strong><strong><br><\/strong>na, wann habt ihr zuletzt nen Newsletter vor 12:00 von uns bekommen? \ud83d\ude09 Der fr\u00fche Vogel\u2026 Nun gut. Diese Woche gibt\u2019s hier keine Witze. Termine stehen an, drum ist die Zeit begrenzt. Habt Nachsicht! N\u00e4chste Woche dann wieder\u2026 vielleicht !<\/p>\n\n\n\n<p><strong>Neuer StuPa Vorsitz gesucht + Amtsvorstellung \/\/ bis 28.05. \ud83e\ude91<\/strong><br>Du bist teamf\u00e4hig, strukturiert und leitest gerne Sitzungen? Wenn du Spa\u00df an Organisation hast und gerne mit anderen zusammenarbeitest, dann bist du im Student*innenparlament genau richtig! Als Vorsitz (bestehend aus zwei bis drei Menschen) \u00fcbernimmst du u.a. die Sitzungsleitung inkl. Vor- und Nachbereitung, kommunizierst mit AStA, Senat sowie Hochschulgremien und pflegst die Website. Alle weiteren Infos findest du unter <a href=\"http:\/\/asta-lueneburg.de\/stupa\" data-type=\"link\" data-id=\"asta-lueneburg.de\/stupa\">hier <\/a>oder <a href=\"http:\/\/asta-lueneburg.de\/stupa\/wahlaemter\/\" data-type=\"link\" data-id=\"asta-lueneburg.de\/stupa\/wahlaemter\/\">hier <\/a>f\u00fcr konkretere Infos zur Bewerbung.<br>WannWoWie? bis 28. Mai, hochschulpolitisches Ehrenamt + Aufwandsentsch\u00e4digung von 320 \u20ac pro Monat\u00a0<\/p>\n\n\n\n<p><strong>Antimuslim Racism: An interactive introduction to forms, narratives, and societal impact of historical and modern Anti-muslim racism, with M \/\/ 02.06. \ud83e\udeb7<br><\/strong>Antimuslimischer Rassismus ist l\u00e4ngst kein Randph\u00e4nomen \u2013 er durchzieht gesellschaftliche Debatten, politische Entscheidungen und mediale Narrative. Doch was genau unterscheidet antimuslimischen Rassismus von Islamfeindlichkeit? Welche historischen Entwicklungen pr\u00e4gen das heutige Bild? Und welche Begriffe und Bilder wirken im Alltag weiter, ohne dass sie sofort als diskriminierend erkannt werden? Die Projektreihe des AStA zu Antisemitismus und antimuslimischem Rassismus beginnt mit einer ersten interaktiven Veranstaltung mit Mohammed Chahrour zum Thema \u2018antimuslimischer Rassismus\u2019. Diese Veranstaltung kann Ihnen als Ausgangspunkt dienen, um Rassismus und Diskriminierung gegen\u00fcber Arabern und Muslimen besser zu verstehen. Weitere Veranstaltungen auf unserer <a href=\"https:\/\/www.asta-lueneburg.de\/bildungsreihe\/\">Website<\/a>.<br>WannWoWie? 2. Juni, 19 Uhr, Trafos (C.25), kostenlos<\/p>\n\n\n\n<p><strong>EliStu Umfrage zur Elternzufriedenheit &#8211; Eure Meinung z\u00e4hlt \ud83c\udf7c<br><\/strong>Liebe Eltern, wir m\u00f6chten gemeinsam mit Euch daran arbeiten, die Studienbedingungen und das Umfeld f\u00fcr Studierende mit Kind(ern) weiter zu verbessern. Dazu f\u00fchren wir eine anonyme Umfrage zur Zufriedenheit von studierenden Eltern durch. Eure Erfahrungen, Bed\u00fcrfnisse und W\u00fcnsche helfen uns, bestehende Angebote besser auf Euch abzustimmen und m\u00f6gliche Herausforderungen fr\u00fchzeitig zu erkennen. Die Beantwortung der Fragen dauert nur etwa 5\u201310 Minuten. Die Umfrage ist selbstverst\u00e4ndlich freiwillig und anonym. Hier der Link\u00a0 zur <a href=\"https:\/\/www.soscisurvey.de\/elternbefragungelistu2025\/\">Umfrage<\/a>. Wir freuen uns \u00fcber Eure Teilnahme und bedanken uns herzlich f\u00fcr die Unterst\u00fctzung!\u00a0<\/p>\n\n\n\n<p><strong>Einladung zur BEST Masterclass \u2013 Unterst\u00fctzung f\u00fcr junge Menschen bei der beruflichen Orientierung \/\/ 26.05. \ud83d\udcdd<\/strong><br>Liebe Studierende, gerne m\u00f6chten wir euch auf den n\u00e4chsten Talk unserer BEST Masterclass rund um CV, Anschreiben und erfolgreiche Bewerbung hinweisen. Die BEST Masterclass, ein Format der Deutschlandstiftung Integration, unterst\u00fctzt junge Menschen mit Migrationsgeschichte oder als Erste in der Familie mit Studienhintergrund beim Berufseinstieg. Sie bietet monatliche Vorbilder-Talks auf YouTube mit inspirierenden Pers\u00f6nlichkeiten, praxisnahe LinkedIn Learning-Kurse und eine einj\u00e4hrige LinkedIn Premium Mitgliedschaft. Der n\u00e4chste Vorbilder-Talk findet am 26.05. um 19:30 Uhr statt und wird von Musikjournalistin und DJ Miriam Davoudvandi moderiert. Zu Gast ist HR-Expertin Ayse Semiz-Ewald. Sie ist Gr\u00fcnderin von JobMagnet, Psychologin (M.Sc.) und zertifizierter Business Coach.<br>WannWoWie? 26.05., 19:30 Uhr, YouTube-Stream<\/p>\n\n\n\n<p><strong>Diversity Day \/\/ 27.05. \ud83c\udf08<br><\/strong>Das Thema des diesj\u00e4hrigen Diversity-Tags ist &#8220;Antifeminismus&#8221;. Das Gleichstellungsb\u00fcro l\u00e4dt ab dem 27. Mai zu insgesamt vier Veranstaltungen ein zu den Themen &#8220;Antifeminismus als zentrale (extrem) rechte Strategie&#8221;, &#8220;Antifeminismus und Queerfeindlichkeit als Demokratiegef\u00e4hrdung&#8221;, &#8220;TradWife und Rechte Momfluencerinnen \u2013 Rechte Bilder von Mutterschaft und Erziehung in den Sozialen Medien&#8221; und &#8220;Science hostility and hate speech: How can we respond?&#8221;. Am 28. Mai pr\u00e4sentiert der Verein diversu e.V. seine Arbeit im Bereich der Antidiskriminierungsberatung vor der Mensa.\u00a0 Weitere <a href=\"http:\/\/www.leuphana.de\/diversity-tag\" data-type=\"link\" data-id=\"www.leuphana.de\/diversity-tag\">Infos<\/a>.<br>WannWoWie? 27. &amp; 28. Mai, Events zum Diversity Day an der Leuphana<\/p>\n\n\n\n<p><strong>Veranstaltungsreihe: Klimakommunikation (von NaPsy) \/\/ 27.05. \u26c5<\/strong><br>N\u00e4chste Woche startet unsere Veranstaltungsreihe zum Thema Klimakommunikation! Wie gelingt es, wirkungsvoll \u00fcber das Klima zu reden? Darum geht es in drei Vortr\u00e4gen, einem PubQuiz und einer Filmvorf\u00fchrung alle zwei Wochen dienstags um 18 Uhr in HS3. Los geht\u2018s am 27.05. mit einem Vortrag von Prof. Dr. Ulf Hahnel zum Thema &#8220;Die \u00f6ffentliche Wahrnehmung des globalen Klimawandels und evidenzbasierte Wege zu nachhaltigerem Handeln&#8221;. Mehr Infos auf Insta: @napsy_lueneburg Wir freuen uns auf euch! \ud83d\ude42 Studentische Initiative f\u00fcr Nachhaltigkeit &amp; Psychologie (NaPsy)<br>WannWoWie? 27. Mai, H\u00f6rsaal 3, Vortrag &amp; Fragerunde, Eintritt frei<\/p>\n\n\n\n<p><strong>Nein zur Bezahlkarte: Solidarisches Gutschein Tauschcaf\u00e9 \/\/ z.B. 28.05. \ud83d\udcb3<\/strong><br>In L\u00fcneburg bekommen gefl\u00fcchtete Menschen ihr Geld seit April auf eine Bezahlkarte. Diese Karte hat ein Bargeldlimit und schr\u00e4nkt Menschen stark darin ein, wann und wo sie einkaufen k\u00f6nnen. Du findest, mit dieser Einschr\u00e4nkung leben zu m\u00fcssen ist diskriminierend? Du bist gegen rechtspopulistische Symbolpolitik und willst mit deiner praktischen Solidarit\u00e4t etwas entgegensetzen? Dann komm zum Tauschcaf\u00e9, jeden 3. und 4. Donnerstag im Monat, 15:00 bis 18:00 Uhr im mosaique, Katzenstra\u00dfe 1. Hier kannst Du dein Bargeld gegen einen Einkaufsgutschein (z.B. dm, Lidl, Edeka, Rewe oder Aldi). Den Gutschein hat eine Person mit ihrer Bezahlkarte gekauft und daf\u00fcr von der Initiative \u2018Nein zur Bezahlkarte\u2019 Bargeld bekommen. Die Aktion ist vollkommen legal. Mehr Infos <a href=\"https:\/\/wonderl.ink\/@neinzurbezahlkartelueneburg\">hier<\/a>.<a href=\"https:\/\/wonderl.ink\/@neinzurbezahlkartelueneburg\"><br><\/a>WannWoWie? Jeden 3. &amp; 4. Donnerstag im Monat, 15-18 Uhr, mosaique, Gutschein-Tauschcaf\u00e9<\/p>\n\n\n\n<p><strong>Join &#8220;Sensitivity to Otherness&#8221;\u2013 a participatory project exploring connection and touch through a workshop and an immersive rave experience \/\/ 05.06. \u26a1<br><\/strong>Discover new ways of engaging with yourself, others, and the non-human world through embodied practices, sound play, and musical improvisation. The project includes a workshop focused on interactive sound exploration, followed by a rave featuring the Orchestra of Touch \u2013 an interactive sound ritual using Playtronica technology. Both events are free and open to all. No experience needed &#8211; just curiosity. You\u2019re welcome to join either or both. More <a href=\"https:\/\/kunstraum.leuphana.de\/en\/events\">info<\/a>. <br>WhereWhenWhat? June 05, workshop: 6-8pm, rave 8.30pm-0.00am, Kunstraum (C25)<\/p>\n\n\n\n<p><strong>SemesterticketKultur \/ FreiKarte \ud83c\udf9f\ufe0f<br><\/strong>Alle Infos zum Semesterticketkultur findet ihr auf unserer <a href=\"https:\/\/www.asta-lueneburg.de\/kultur\/semesterticketkultur\/\">Website <\/a>oder im Newsletter vom 07.02.2025.<br><br><strong>Demn\u00e4chst im SemesterticketKultur:\u00a0<\/strong><\/p>\n\n\n\n<p><strong>MusicalLabor: Spieglein, Spieglein, was ist sch\u00f6n? \/\/ 24.05. ++ weitere \ud83e\ude9e<\/strong><strong><br><\/strong>Auf Instagram betrachten wir uns und andere tagt\u00e4glich. Als Spiegel eines digitalen Zeitalters werden wir st\u00e4ndig mit der Frage konfrontiert: \u201eBin ich sch\u00f6n genug?\u201c Was bedeutet es, als sch\u00f6n oder gutaussehend wahrgenommen zu werden? In Anlehnung an Liv Str\u00f6mquists Comic \u201eSpiegelsaal\u201c und als Neuschreibung des klassischen M\u00e4rchenstoffs \u201eSchneewittchen\u201c widersetzen wir uns diesem Diktat des Aussehens und r\u00e4umen auf mit idealisierten Vorstellungen. Daf\u00fcr steht ein ganzes Genre zur Verf\u00fcgung: It\u2018s time for musicals! Mit einem Mix aus klassischen Musical- und aktuellen Pop-Songs haben wir eine Musikshow zur Feier aller K\u00f6rper in ihrer Diversit\u00e4t und Unterschiedlichkeit erarbeitet. Singend, spielend und tanzend erobern wir uns unsere K\u00f6rper (und den Blick auf diese) zur\u00fcck!<br>WannWoWie? 24., 25., 31. Mai + 18. und 28. Juni, Theater L\u00fcneburg, ab 6.50\u20ac (Kostenlose Restkarten 30 Minuten vor Veranstaltungsbeginn an der Abendkasse)<\/p>\n\n\n\n<p><strong>Workshop in der Halle f\u00fcr Kunst: Unproductive Will \/\/ 24.05. \ud83d\udc41\ufe0f<\/strong><br>Unproductive Will ist ein k\u00f6rperbezogenes Forschungsprojekt von Jimena P\u00e9rez Salerno. Das Projekt regt dazu an, unsere Beziehung zur hegemonial-westlichen Vorstellung von linearer Zeit und produktivem Verhalten zu hinterfragen und diese als kollektive koloniale Wunden zu betrachten, die unseren Lebensalltag pr\u00e4gen. Auf spielerische Weise f\u00fchrt uns eine Partitur durch ein \u201efortw\u00e4hrendes&#8221; Warm-up mit dem Ziel, politisches Bewusstsein zu f\u00f6rdern. Der Workshop ist offen f\u00fcr Menschen unterschiedlichen Alters und mit verschiedenen Sprachkenntnissen, F\u00e4higkeiten und Beeintr\u00e4chtigungen. Wir bitten um Anmeldung unter: <a href=\"mailto:info@halle-fuer-kunst.de\">info@halle-fuer-kunst.de<br><\/a>WannWoWie? 24. Mai, 15-17 Uhr, Workshop, kostenfrei&nbsp;<\/p>\n\n\n\n<p>Habt ein sch\u00f6nes Wochenende!<br>Euer AStA<\/p>\n\n\n\n<p>Du willst einen Beitrag f\u00fcr den Newsletter einreichen? Dann f\u00fcll gern dieses <a href=\"https:\/\/www.asta-lueneburg.de\/service\/beitrag-einreichen\/\">Formular <\/a>aus Bei Fragen sind wir unter <a href=\"mailto:veranstaltungen@asta-lueneburg.de\">veranstaltungen@asta-lueneburg.de<\/a> erreichbar.\u00a0<\/p>\n\n\n\n<p><br><a href=\"https:\/\/t.me\/astanews\">Telegram Newsletter (DE)<br><\/a><a href=\"https:\/\/t.me\/astanewsEN\">Telegram Newsletter (ENG)<\/a><\/p>\n\n\n\n<p>##<\/p>\n\n\n\n<p><strong>Hejj,\u00a0<\/strong><br>well, when was the last time you received a newsletter from us before 12:00? \ud83d\ude09 The early bird&#8230; Alright. No jokes here this week. We have appointments coming up, so time is limited. Bear with us! Next week again&#8230; maybe !<\/p>\n\n\n\n<p><strong>New StuPa chair sought + presentation of position \/\/ until 28.05. \ud83e\ude91<\/strong><br>Are you a team player, structured and enjoy chairing meetings? If you like organization and working with others, then the Student Parliament is the right place for you! As chair, you will be responsible for meetings, incl. preparation and follow-up, communicating with the AStA, Senate and university committees. More information will be available on May 14 in the Mufuzi (Building 9) at 3:00 pm. The office will be presented and you can ask any questions you may have. German language skills are required. You can find all further information on <a href=\"http:\/\/asta-lueneburg.de\/stupa\">here.<br><\/a>WhereWhenWhat? until May 28, honorary position in university politics + expense allowance of 320\u20ac per month<\/p>\n\n\n\n<p><strong>Antimuslim Racism [An interactive introduction to forms, narratives, and societal impact of historical and modern Anti-muslim racism] with M \/\/ 02.06. \ud83e\udeb7<br><\/strong>Anti-Muslim racism is not an isolated issue \u2013 it permeates social situations, discourses, political decision-making, and media narratives. But what exactly distinguishes anti-Muslim racism from Islamophobia? What historical developments have shaped today\u2019s realities? And which terms, images, and stereotypes continue to influence everyday life \u2013 often unnoticed? The AStA\u2019s project serie on Antisemitism and Anti-muslim racism debuts their educational series with a first interactive event featuring Mohammed Chahrour on Anti-muslim racism. This event can serve you as a starting point on your journey to better understand racism and discrimination towards Arabs and muslims. You can find more details <a href=\"https:\/\/www.asta-lueneburg.de\/bildungsreihe\/\">here<\/a>.<br>WhereWhenWhat? June 2, 7pm, Trafos (C25), free of charge\u00a0<\/p>\n\n\n\n<p><strong>EliStu Parent satisfaction survey &#8211; your opinion matters! \ud83c\udf7c<\/strong><br>Dear parents, We would like to work with you to further improve the study conditions and environment for students with children. To this end, we are conducting an anonymous survey on the satisfaction of student parents. Your experiences, needs, and wishes will help us better tailor existing offerings to your needs and identify potential challenges early on. Answering the questions only takes about 5\u201310 minutes. The survey is, of course, voluntary and anonymous. Link to the <a href=\"https:\/\/www.soscisurvey.de\/elternbefragungelistu2025\/\">survey<\/a>. We appreciate your participation and thank you very much for your support!<br><br><strong>Invitation to the BEST Masterclass \u2013 Support for Young People on Their Career Path \/\/ 26.05. \ud83d\udcdd [in German]<\/strong><br>Dear students, We\u2019d like to invite you to the next talk in our BEST Masterclass, focusing on CVs, cover letters, and successful job applications. The BEST Masterclass, a program by the Deutschlandstiftung Integration, supports young people with a migration background or those who are the first in their families to attend university. It offers monthly role model talks on YouTube featuring inspiring guests, practical LinkedIn Learning courses, and a one-year LinkedIn Premium membership. The next talk takes place on May 26 at 7:30pm, hosted by music journalist and DJ Miriam Davoudvandi. Guest speaker: HR expert Ayse Semiz-Ewald.<br>WhereWhenWhat? May 26, 7.30pm, YouTube-Stream<\/p>\n\n\n\n<p><strong>Diversity Day \/\/ 27.05. \ud83c\udf08<br><\/strong>This year&#8217;s Diversity Day at Leuphana focuses on the topic of \u2018anti-feminism\u2019. The Equal Opportunities Office invites you to four events starting on 27th May: &#8220;Antifeminism as a central (far-)right strategy&#8221;, &#8220;Antifeminism and queerphobia as a threat to democracy&#8221;, &#8220;TradWife and right-wing momfluencers &#8211; right-wing images of motherhood and parenting in social media&#8221;, and &#8220;Science hostility and hate speech: How can we respond?&#8221;. On 28th May, diversu is presenting its work in the field of anti-discrimination counselling in front of Mensa. More <a href=\"http:\/\/www.leuphana.de\/diversity-tag\" data-type=\"link\" data-id=\"www.leuphana.de\/diversity-tag\">information<\/a>.<br>WhereWhenWhat? May 27 &amp; 28, events for diversity day at Leuphana 2025<\/p>\n\n\n\n<p><strong>Event series: Climate communication (by NaPsy) \/\/ 27.05. \u26c5 [in German]<\/strong><br>Our series of events on climate communication starts next week! How can we talk effectively about the climate? Three lectures, a pub quiz and a film screening every two weeks on Tuesdays at 6 pm in HS3. It starts on 27.05. with a lecture by Prof. Dr. Ulf Hahnel on \u201cThe public perception of global climate change and evidence-based paths to more sustainable action\u201d. More info on Insta: @napsy_lueneburg We look forward to seeing you there! \ud83d\ude42 Student Initiative for Sustainability &amp; Psychology (NaPsy)<br>WhereWhenWhat? May 27, lecture hall 3, lecture &amp; Q&amp;A session, free admission<\/p>\n\n\n\n<p><strong>No to the payment card: solidarity voucher exchange caf\u00e9 \/\/ e.g. 28.05. \ud83d\udcb3<\/strong><br>In L\u00fcneburg, refugees have been receiving their money on a payment card since April. This card has a cash limit and severely restricts people in terms of when and where they can shop. Do you think having to live with this restriction is discriminatory? Are you against right-wing populist symbolic politics and want to do something about it with your practical solidarity? Then come to the exchange caf\u00e9, every 3rd and 4th Thursday of the month, 15:00 to 18:00 at mosaique, Katzenstra\u00dfe 1. Here you can exchange your cash for a shopping voucher (e.g. dm, Lidl, Edeka, Rewe or Aldi). One person bought the voucher with their payment card and received cash in return from the &#8216;No to payment cards&#8217; initiative. The campaign is completely legal. More information <a href=\"https:\/\/wonderl.ink\/@neinzurbezahlkartelueneburg\" data-type=\"link\" data-id=\"https:\/\/wonderl.ink\/@neinzurbezahlkartelueneburg\">here<\/a>.<br>WhereWhenWhat? Every 3rd &amp; 4th Thursday of the month, 3-6 pm, mosaique, voucher exchange caf\u00e9<br><\/p>\n\n\n\n<p><strong>Join &#8220;Sensitivity to Otherness&#8221;\u2013 a participatory project exploring connection and touch through a workshop and an immersive rave experience \/\/ 05.06. \u26a1<br><\/strong>Discover new ways of engaging with yourself, others, and the non-human world through embodied practices, sound play, and musical improvisation. The project includes a workshop focused on interactive sound exploration, followed by a rave featuring the Orchestra of Touch \u2013 an interactive sound ritual using Playtronica technology. Both events are free and open to all. No experience needed &#8211; just curiosity. You\u2019re welcome to join either or both. More <a href=\"https:\/\/kunstraum.leuphana.de\/en\/events\" data-type=\"link\" data-id=\"https:\/\/kunstraum.leuphana.de\/en\/events\">info<\/a>.<br>WhereWhenWhat? June 05, workshop: 6-8pm, rave 8.30pm-0.00am, Kunstraum (C25)\u00a0<\/p>\n\n\n\n<p><strong>SemesterTicket Culture \/ FreeTicket \ud83c\udf9f\ufe0f<br><\/strong>You can find all information about the semester ticket culture on our <a href=\"https:\/\/www.asta-lueneburg.de\/kultur\/semesterticketkultur\/\">website <\/a>or in the newsletter from Feb 7, 2025.\u00a0<br><strong><br>Coming soon in the SemesterticketKultur:\u00a0<\/strong><\/p>\n\n\n\n<p><strong>MusicalLabor: Mirror, mirror, what is beautiful? \/\/ 24.05. ++ many more \ud83e\ude9e [in German]<\/strong><br>We look at ourselves and others on Instagram every day. As a mirror of a digital age, we are constantly confronted with the question: \u201cAm I beautiful enough?\u201d What does it mean to be perceived as beautiful or good-looking? Based on Liv Str\u00f6mquist&#8217;s comic \u201cHall of Mirrors\u201d and as a rewriting of the classic fairy tale \u201cSnow White\u201d, we resist this dictate of appearance and do away with idealized notions. An entire genre is available for this: It&#8217;s time for musicals! With a mix of classic musicals and current pop songs, we have created a musical show to celebrate all bodies in all their diversity and variety. Singing, playing and dancing, we reclaim our bodies (and our view of them)!<br>WhereWhenWhat? May 24, 25, 31 + June 18 and 28, Theater L\u00fcneburg, from 6.50\u20ac (free remaining tickets 30 minutes before the start of the event at the box office)<\/p>\n\n\n\n<p><strong>Workshop in the Halle f\u00fcr Kunst: Unproductive Will \/\/ 24.05. \ud83d\udc41\ufe0f<\/strong><br>Unproductive Will is a body-based research project by Jimena P\u00e9rez Salerno. The project encourages us to question our relationship to the hegemonic Western notion of linear time and productive behavior and to view these as collective colonial wounds that shape our everyday lives. In a playful way, a score will guide us through a \u201cperpetual\u201d warm-up with the aim of promoting political awareness. The workshop is open to people of different ages and with different language skills, abilities and disabilities. Please register at: info@halle-fuer-kunst.de<br>WhereWhenWhat? May 24, 3-5 pm, workshop, free of charge\u00a0<\/p>\n\n\n\n<p>Have a nice weekend!<br>Your AStA<\/p>\n\n\n\n<p>Would you like to submit an entry for the newsletter? Then please fill out <a href=\"https:\/\/www.asta-lueneburg.de\/service\/beitrag-einreichen\/\" data-type=\"link\" data-id=\"https:\/\/www.asta-lueneburg.de\/service\/beitrag-einreichen\/\">this form<\/a>. If you have any questions, you can reach us at veranstaltungen@asta-lueneburg.de.\u00a0<\/p>\n\n\n\n<p><a href=\"https:\/\/t.me\/astanews\">Telegram Newsletter (DE)<br><\/a><a href=\"https:\/\/t.me\/astanewsEN\">Telegram Newsletter (ENG)<\/a><\/p>\n","protected":false},"excerpt":{"rendered":"<p>ENGLISH VERSION BELOW Hejj, na, wann habt ihr zuletzt nen Newsletter vor 12:00 von uns bekommen? \ud83d\ude09 Der fr\u00fche Vogel\u2026 Nun gut. Diese Woche gibt\u2019s hier keine Witze. Termine stehen an, drum ist die Zeit begrenzt.&#46;&#46;&#46;<\/p>\n","protected":false},"author":50,"featured_media":0,"comment_status":"closed","ping_status":"closed","sticky":false,"template":"","format":"standard","meta":{"_lmt_disableupdate":"","_lmt_disable":"","ngg_post_thumbnail":0,"_jetpack_memberships_contains_paid_content":false,"footnotes":""},"categories":[131,382,55],"tags":[],"class_list":["post-22325","post","type-post","status-publish","format-standard","hentry","category-aktuelles","category-newsletter","category-veranstaltungen"],"modified_by":"Veranstaltungen","jetpack_featured_media_url":"","jetpack_sharing_enabled":true,"_links":{"self":[{"href":"https:\/\/www.asta-lueneburg.de\/en\/wp-json\/wp\/v2\/posts\/22325","targetHints":{"allow":["GET"]}}],"collection":[{"href":"https:\/\/www.asta-lueneburg.de\/en\/wp-json\/wp\/v2\/posts"}],"about":[{"href":"https:\/\/www.asta-lueneburg.de\/en\/wp-json\/wp\/v2\/types\/post"}],"author":[{"embeddable":true,"href":"https:\/\/www.asta-lueneburg.de\/en\/wp-json\/wp\/v2\/users\/50"}],"replies":[{"embeddable":true,"href":"https:\/\/www.asta-lueneburg.de\/en\/wp-json\/wp\/v2\/comments?post=22325"}],"version-history":[{"count":0,"href":"https:\/\/www.asta-lueneburg.de\/en\/wp-json\/wp\/v2\/posts\/22325\/revisions"}],"wp:attachment":[{"href":"https:\/\/www.asta-lueneburg.de\/en\/wp-json\/wp\/v2\/media?parent=22325"}],"wp:term":[{"taxonomy":"category","embeddable":true,"href":"https:\/\/www.asta-lueneburg.de\/en\/wp-json\/wp\/v2\/categories?post=22325"},{"taxonomy":"post_tag","embeddable":true,"href":"https:\/\/www.asta-lueneburg.de\/en\/wp-json\/wp\/v2\/tags?post=22325"}],"curies":[{"name":"wp","href":"https:\/\/api.w.org\/{rel}","templated":true}]}}