{"id":21848,"date":"2025-03-14T15:45:44","date_gmt":"2025-03-14T14:45:44","guid":{"rendered":"https:\/\/www.asta-lueneburg.de\/?p=21848"},"modified":"2025-05-05T12:01:32","modified_gmt":"2025-05-05T10:01:32","slug":"asta-newsletter-14-03-2025","status":"publish","type":"post","link":"https:\/\/www.asta-lueneburg.de\/en\/post\/asta-newsletter-14-03-2025-21848\/","title":{"rendered":"AStA Newsletter vom 14.03.2025"},"content":{"rendered":"\n<p><strong>ENGLISH VERSION BELOW<\/strong><\/p>\n\n\n\n<p><strong>Ahoi &amp;<br><\/strong>Huiuiuiui, morgen ist der 15. M\u00e4rz. GRUUSEL. Vor diesem Datum grauts uns allen\u2026 Nicht? Achja, hier lesen nicht nur h\u00f6here Semester mit. F\u00fcr die, die es noch nicht wussten: Die letzten Jahre war die Frist f\u00fcr nahezu alle Hausarbeiten der 15.03.. Diese wird gerade auf den 31.03. verlegt, weshalb viele von euch dieses Semester ziemlich viele verschiedene Deadlines haben. Nun lasst uns also einen Moment innehalten &amp; an die vielen gestressten Studis der Vorjahre denken und uns freuen, dass wir noch 15 Tage Zeit haben! \ud83d\ude42 Viel Spa\u00df bei den Events der Woche:<\/p>\n\n\n\n<p><strong>Film &amp; Gespr\u00e4ch: Courage \/\/ 14.03. \ud83d\udea9<br><\/strong>Der AStA zeigt den Film \u201cCOURAGE\u201d (2021) und im Anschluss ein Gespr\u00e4ch mit dem belarussischen Zeitzeugen Yauheni Dzenisenka. Im Zuge der Pr\u00e4sidentschaftswahlen in Belarus im Sommer 2020 geraten drei Schauspieler des Belarus Free Theatre aus Minsk in den Sog der Massenproteste, der sie auf die Stra\u00dfe zieht, um lautstark f\u00fcr freie Meinungs\u00e4u\u00dferung und den langersehnten Machtwechsel zu demonstrieren. Doch ihr friedlicher Protest wird vom Sicherheitsapparat des Regimes brutal niedergeschlagen. Mitglieder der Theatergruppe und viele andere Menschen werden verhaftet. Das Land steht am Rande eines B\u00fcrgerkrieges.<br>WannWoWie? 14. M\u00e4rz, 20:30 Uhr, H\u00f6rsaal 4<\/p>\n\n\n\n<p><strong>Dein Stundenplan hat noch etwas Luft? Dann schau unbedingt in der Autonomen Lehre vorbei! \u2712\ufe0f<br><\/strong>Auch im kommenden Semester gibt es in der Autonomen Lehre wieder ein tolles Programm, das sich hinter der regul\u00e4ren Lehre nicht verstecken muss. Schau doch mal im Veranstaltungsverzeichnis von myStudy vorbei. Dort findest du die Angebote von diesem Semester. Du findest die Autonome Lehre im Veranstaltungsverzeichnis unter \u00bbzus\u00e4tzliche Angebote (ohne CP)\u00ab &gt; \u00bbAutonome Lehre (AStA)\u00ab. Noch sind nicht alle Angebote online \u2013 es stecken noch ein paar Highlights in der Pipeline.<br>Falls du noch gar nicht wei\u00dft, was die Autonome Lehre \u00fcberhaupt ist, schau mal <a href=\"https:\/\/www.asta-lueneburg.de\/projekte\/autonome-lehre\/\">hier<\/a> vorbei.<\/p>\n\n\n\n<p><strong>Fahrraddemo gegen die A39 &#8211; wir sehen uns auf der Stra\u00dfe! \/\/ 16.03. \ud83d\udeb2<br><\/strong>Es wird ernst: im Januar wurde der Planfeststellungbeschluss f\u00fcr den L\u00fcneburger Abschnitt der A39 ver\u00f6ffentlicht und die Autobahn GmbH will dieses Jahr noch mit dem Bauen anfangen. Eine neue Autobahn mitten in der Klimakrise und w\u00e4hrend Bahnschienen dringend saniert werden m\u00fcssen?! Das lassen wir uns nicht gefallen! Wir rufen zu einer Fahrraddemo gegen die A39 auf, um uns f\u00fcr Klimagerechtigkeit und eine sofortige Mobilit\u00e4tswende einzusetzen. Bringt gen\u00fcgend Proviant f\u00fcr die Tour, einen Becher f\u00fcr Kaffee und Tee, Demo-Flaggen, Plakate, Banner, Musikabspielger\u00e4te und Megafone mit! WannWoWie? 16. M\u00e4rz, 12Uhr, Marktplatz<\/p>\n\n\n\n<p><strong>International-Buddys gesucht \/\/ SoSe 2025 \ud83e\udec2<br><\/strong>Hallo du:) Hast du Lust internationale Studierende bei ihrer Ankunft in L\u00fcneburg zu unterst\u00fctzen? Wir suchen immer noch Buddies f\u00fcr das kommende Sommersemester! Zur Zeit haben wir schon einige Buddies gematched, aber einige fehlen uns immer noch. Melde dich sehr gern bei buddy@leuphana.de, unterst\u00fctze incoming Studis bei ihrer Ankunft und w\u00e4hrend ihrer ersten Tage in L\u00fcneburg! Gib in deiner Mail gerne Name und Handynummer an.<\/p>\n\n\n\n<p><strong>LWgR Lesung: Gerhard und Sabine Leibholz. Auch eine Geschichte der Familie Bonhoeffer \/\/ 16.03. \ud83d\udcd6<br><\/strong>Ausgrenzung und Vertreibung, Exil und Remigration f\u00fchrten zu einem irreversiblen Bruch im Leben des Ehepaars Leibholz \u2013 auch in der eigenen Familie Bonhoeffer. Gerhard Leibholz war ein einflussreicher Jurist und stammte aus einer j\u00fcdischen Familie. Seine Frau Sabine war die Zwillingsschwester von Dietrich Bonhoeffer. In ihrem neuen Buch erz\u00e4hlt Frauke Geyken die Geschichte eines Traumas.<br>WannWoWie? 16. M\u00e4rz, 11:00-12:30 Uhr, Foyer des Museum<\/p>\n\n\n\n<p><strong>LWgR Stadtrundgang: L\u00fcneburg im Nationalsozialismus \/\/ 16.03. \ud83d\udc63<br><\/strong>Die Geschichtswerkstatt L\u00fcneburg bietet einen Stadtrundgang zum Thema \u201eL\u00fcneburg im Nationalsozialismus\u201c an. Er f\u00fchrt zu den Orten, die w\u00e4hrend der NS-Zeit eine wichtige Rolle spielten. Erinnert wird auch an L\u00fcneburger B\u00fcrger*innen, die Opfer des NS-Regimes wurden und f\u00fcr die Stolpersteine verlegt wurden. Der Rundgang wird durchgef\u00fchrt von Sch\u00fcler*innen der Wilhelm-Raabe-Schule, die daf\u00fcr ein spezielles Training durchlaufen haben.<br>WannWoWie? 16.03., 11:00-12:30 Uhr, 5\u20ac, Treffpunkt: Geschichtswerkstatt (DGB-Haus)<\/p>\n\n\n\n<p><strong>Poetry-Slam Workshops \/\/ 5. &amp; 6.4. \ud83c\udfa4<br><\/strong>Du schreibst leidenschaftlich gern, jonglierst mit Worten und erz\u00e4hlst Geschichten am liebsten auf kreative Art und Weise? Dann bist du bei unserem Poetry Slam Workshop unter dem Motto \u201cSlam f\u00fcr die Zukunft\u201d genau richtig.Gemeinsam entwickeln wir Ideen und schreiben Texte, du bekommst wertvolle Tipps zum Thema Dramaturgie, Metaphorik und B\u00fchnenperformance &#8211; so dass dir einer Teilnahme an einem Poetry Slam nichts mehr im Wege steht! Anf\u00e4nger*innen sind genauso willkommen wie Poet*innen, die sich nach einem Rahmen f\u00fcr kreativen Austausch, neuem Input und intensiver Schreibzeit sehnen. Wir besch\u00e4ftigen uns mit Gegenwart und Zukunft, mit Demokratie und Globalisierung, mit Zukunfts\u00e4ngsten, Hoffnungen und Courage. Bitte meldet euch unter veranstaltungen@mosaique.de an.<br>WannWoWie? 05. &amp; 06. April, 10.30-17 Uhr &amp; 11-14 Uhr, mosaique<\/p>\n\n\n\n<p><strong>Schotstek Stipendium \/\/ Bewerbung bis 10.04. \ud83d\udc8c<br><\/strong>Schotstek unterst\u00fctzt und vernetzt kluge, ambitionierte Studierende mit Einwanderungsgeschichte. Wir sind ein Programm und Netzwerk zugleich und richten uns an ehrgeizige Studierende aller Fachrichtungen und Herkunftskulturen. Unser Ziel ist mehr Diversit\u00e4t auf F\u00fchrungsebene; wir setzen uns f\u00fcr mehr Chancengleichheit in der Gesellschaft ein. Dabei begleiten wir unsere Stipendiat*innen w\u00e4hrend des Studiums, beim Berufseinstieg und dar\u00fcber hinaus. Bewerbungsschluss ist der 10. April. <a href=\"http:\/\/www.schotstek.com\">Hier<\/a> gehts zu mehr Infos zum Programm und <a href=\"https:\/\/www.schotstek.com\/bewerbung\">hier<\/a> zur Bewerbung.<\/p>\n\n\n\n<p><strong>Wutzrock 2025 \u2013 Helfende f\u00fcr alternatives Festival gesucht! \/\/ 08.-10.08. \ud83c\udfb6<br><\/strong>Auch dieses Jahr findet vom 08. &#8211; 10. August das Wutzrock-Festival am Eichbaumsee in Hamburg-Bergedorf statt \u2013 kostenlos, politisch und voller Musik! Wutzrock steht f\u00fcr eine bunte, genderneutrale und antifaschistische Festival-Kultur, die Solidarit\u00e4t, Vielfalt und Gemeinschaft feiert. Damit das Festival reibungslos abl\u00e4uft, brauchen wir euch als tatkr\u00e4ftige Unterst\u00fctzung am Festivalwochenende, sowie bei Auf- &amp; Abbau jeweils ein paar Tage fr\u00fcher\/sp\u00e4ter! <a href=\"https:\/\/www.wutzrock.de\/mithelfen.html\">Hier <\/a>gehts zu mehr Infos &amp; zur Anmeldung.<br>WannWoWie? 08.-10. Aug., Eichbaumsee in Hamburg Bergedorf, Helfer*innen gesucht<\/p>\n\n\n\n<p><strong>SemesterticketKultur \/ FreiKarte \ud83c\udf9f\ufe0f<br><\/strong>Alle Infos zum Semesterticketkultur findet ihr auf unserer <a href=\"https:\/\/www.asta-lueneburg.de\/kultur\/semesterticketkultur\/\">Website<\/a> oder im Newsletter vom 07.02.2025.<\/p>\n\n\n\n<p><strong>Demn\u00e4chst im SemesterticketKultur:<\/strong><\/p>\n\n\n\n<p><strong>Theater: \u201cDat Bahnchaos &#8211; Reisende schall man uphollen\u201d \/\/ ab 14.03. \ud83d\ude82<br><\/strong>Schon mal schwer bepackt durch den Bahnhof gesprintet, weil das Gleis ge\u00e4ndert wurde? Oder durch einen Zug mit falscher Wagenreihung geirrt? Und standen Sie schon mal stundenlang mit einem Triebwerkschaden auf offener Strecke \u2013 im Hochsommer, bei ausgefallener Klimaanlage? \u201eKlar! Ist doch typisch Bahn!\u201c, sagen Sie? Gro\u00dfartig! Dann bist du bereit f\u00fcr das ICE 6948-Abenteuer: Au\u00dferplanm\u00e4\u00dfiger Halt an einem trostlosen Provinzbahnhof. Kein Empfang, keine Taxis, keine Weiterfahrt. Daf\u00fcr vielleicht ein Psychopath unter den Fahrg\u00e4sten \u2013 und ein wahnsinnig witziges Nervenchaos beginnt. Deine Mitreisenden? Ihre Mitreisenden bei dieser spannenden Bahn-Odyssee sind: ein illustrer Kegelclub, eine gehetzte Business-Frau, ein eigenwilliger Verschw\u00f6rungstheoretiker und eine abgedrehte Motivationstrainerin.<br>WannWoWie? Ab 14. M\u00e4rz im Theater, ab 16,75\u20ac (Kostenlose Restkarten 30 Minuten vor Veranstaltungsbeginn an der Abendkasse)<\/p>\n\n\n\n<p><strong>Lesung: \u201cWolken und Kastanien\u201d \/\/ 20.03. \u26c5<br><\/strong>Ein alter Backsteinturm vor dem L\u00fcneburger Fenster. Die Flucht eines vierj\u00e4hrigen M\u00e4dchens im Januar 1945 aus K\u00f6nigsberg. Die Katze, die Gotthold Ephraim Lessing tr\u00f6stet. Ein knarzender Abschied im Fr\u00fchling. &#8211; Von all dem erz\u00e4hlt uns Renatus Deckert in seinen Geschichten, die er seit 2022 verschickt. Seine \u201eWolken und Kastanien&#8221; lesen inzwischen 1500 Abonnenten, und von Monat zu Monat werden es mehr. Zum Fr\u00fchlingsanfang liest er eine kleine Auswahl und gibt uns auch Einblick in seine Schreibwerkstatt. Bilder und Cello-St\u00fccke bereichern die Lesung.<br>WannWoWie? 20. M\u00e4rz, 19:30 Uhr, Heinrich-Heine-Haus, ab 8\u20ac (Kostenlose Restkarten 30 Minuten vor Veranstaltungsbeginn an der Abendkasse)<\/p>\n\n\n\n<p><strong>Bachs Johannes-Passion in St.Michaelis \/\/ 30.03. \ud83c\udfb9<br><\/strong>am Sonntag, dem 30. M\u00e4rz, wird eines der eindrucksvollsten Oratorien der Musikgeschichte in St. Michaelis erklingen: die Johannes-Passion von Johann Sebastian Bach &#8211; aufgef\u00fchrt von der Kantorei St. Michaelis, dem Jugendchor St. Michaelis, dem gro\u00dfartigen ensemble reflektor und f\u00fcnf hervorragenden Solisten. Der Vorverkauf hat bereits am Freitag, 14. Februar begonnen. Eintrittskarten gibt es beim LZ-Ticketservice &amp; <a href=\"http:\/\/www.sankt-michaelis.de\/musik\/eintrittskarten\" data-type=\"link\" data-id=\"www.sankt-michaelis.de\/musik\/eintrittskarten\">hier<\/a>.<br>WannWoWie? 30. M\u00e4rz, 18 Uhr, St. Michaelis, 24\/19\/15\/11\/4\u20ac f\u00fcr Studis (kostenlose Restkarten 30min vor Veranstaltunsbeginn an der Abendkasse)<\/p>\n\n\n\n<p>Sch\u00f6\u00f6\u00f6s<br>Habt ein sch\u00f6nes Wochenende!<br>Euer AStA<\/p>\n\n\n\n<p>###<\/p>\n\n\n\n<p><strong>Ahoy &amp;<br><\/strong>Huiuiuiui, tomorrow is March 15. SCARYYY. We&#8217;re all fearing this date\u2026 aren&#8217;t we? Ah well, it&#8217;s not just senior students who read here. For those of you who didn&#8217;t know: In recent years, the deadline for almost all term papers has been March 15. This is currently being moved to March 31, which is why many of you have quite a few different deadlines this semester. So let&#8217;s pause for a moment &amp; think about the many stressed students of previous years and be happy that we still have 15 days left! \ud83d\ude42 Have fun with the events of the week:<\/p>\n\n\n\n<p><strong>Film &amp; talk: Courage \/\/ 14.03. \ud83d\udea9 [in German]<br><\/strong>The AStA is showing the film \u201cCOURAGE\u201d (2021), followed by a discussion with Belarusian contemporary witness Yauheni Dzenisenka. During the presidential elections in Belarus in the summer of 2020, three actors from the Belarus Free Theater in Minsk are caught up in the maelstrom of mass protests, which draws them onto the streets to demonstrate loudly for freedom of expression and the long-awaited change of power. But their peaceful protest is brutally crushed by the regime&#8217;s security apparatus. Members of the theater group and many other people are arrested. The country is on the brink of civil war.<br>WhereWhenWhat? Mar. 14, 8:30pm, lecture hall 4<\/p>\n\n\n\n<p><strong>Do you still have some room in your timetable? Then be sure to drop by the Autonomous Teaching! \u2712\ufe0f<br><\/strong>In the coming semester, Autonomous Teaching will once again offer a great program that doesn&#8217;t have to hide behind regular teaching. Have a look at the myStudy event directory. There you will find the offers for this semester. You can find the Autonomous Teaching in the event directory under \u201cAdditional offers (without CP)\u201d &gt; \u201cAutonomous Teaching (AStA)\u201d. Not all offers are online yet &#8211; there are still a few highlights in the pipeline.<br>If you don&#8217;t know what autonomous teaching is, have a look <a href=\"https:\/\/www.asta-lueneburg.de\/projekte\/autonome-lehre\/\">here<\/a>.<\/p>\n\n\n\n<p><strong>Cycling against the highway: no A39 &#8211; see you on the streets! \/\/ 16.03. \ud83d\udeb2<br><\/strong>It&#8217;s getting serious: in January, the planning approval decision for the L\u00fcneburg section of the A39 was published and the Autobahn GmbH wants to start construction this year. A new highway in the middle of the climate crisis and while railroad tracks urgently need to be renovated? We will not put up with this! We are calling for a bicycle demonstration against the A39 to campaign for climate justice and an immediate change in mobility. Bring a mug for coffee and tea, demonstration flags, banners, music players and megaphones!<br>WhereWhenWhat? Mar. 16, 12pm, market square<\/p>\n\n\n\n<p><strong>International buddies wanted \/\/ SoSe 2025 \ud83e\udec2<br><\/strong>Hello there:) Would you like to support international students on their arrival in L\u00fcneburg? We are still looking for buddies for the upcoming summer semester! At the moment we have already matched some buddies, but we are still missing some. Feel free to contact us at buddy@leuphana.de, support incoming students on their arrival and during their first days in L\u00fcneburg! Please include your name and cell phone number in your email.<\/p>\n\n\n\n<p><strong>LWgR Reading: Gerhard and Sabine Leibholz. Also a story of the Bonhoeffer family \/\/ 16.03. \ud83d\udcd6 [in German]<br><\/strong>Exclusion and expulsion, exile and remigration led to an irreversible break in the lives of the Leibholz couple &#8211; also in their own Bonhoeffer family. Gerhard Leibholz was an influential lawyer and came from a Jewish family. His wife Sabine was Dietrich Bonhoeffer&#8217;s twin sister. In her new book, Frauke Geyken tells the story of a trauma.<br>WhereWhenWhat? March 16, 11am-12:30pm, Foyer of the museum<\/p>\n\n\n\n<p><strong>LWgR city tour: L\u00fcneburg under National Socialism \/\/ 16.03. \ud83d\udc63 [in German]<br><\/strong>The L\u00fcneburg History Workshop is offering a city tour on the topic of \u201cL\u00fcneburg under National Socialism\u201d. It leads to the places that played an important role during the Nazi era. It also commemorates L\u00fcneburg citizens who were victims of the Nazi regime and for whom stumbling stones were laid. The tour will be led by pupils from the Wilhelm Raabe School, who have undergone special training for this.<br>WhereWhenWhat? Mar. 16, 11am-12:30pm, 5\u20ac, meeting point: Geschichtswerkstatt (DGB-Haus)<\/p>\n\n\n\n<p><strong>Poetry slam workshops \/\/ April 5 &amp; 6 \ud83c\udfa4 [in German]<br><\/strong>Are you passionate about writing, juggling with words and telling stories in a creative way? Then our poetry slam workshop under the motto \u201cSlam for the future\u201d is just right for you: together we will develop ideas and write texts, you will receive valuable tips on dramaturgy, metaphor and stage performance &#8211; so that nothing stands in your way of participating in a poetry slam! Beginners are just as welcome as poets who are looking for a framework for creative exchange, new input and intensive writing time. We will deal with the present and the future, with democracy and globalization, with fears of the future, hopes and courage. Please register at veranstaltungen@mosaique.de.<br>WhereWhenWhat? April 05 &amp; 06, 10:30-17 &amp; 11-14, mosaique<\/p>\n\n\n\n<p><strong>Schotstek Scholarship \/\/ Application until 10.04. \ud83d\udc8c<br><\/strong>Schotstek supports and connects bright, ambitious students with a history of immigration. We are both a program and a network and are open to ambitious students from all disciplines and cultures of origin. Our goal is more diversity at management level; we are committed to more equal opportunities in society. We support our scholarship holders during their studies, at the start of their careers and beyond. The application deadline is April 10. Click <a href=\"http:\/\/www.schotstek.com\">here <\/a>for more information on the program and <a href=\"https:\/\/www.schotstek.com\/bewerbung\">here <\/a>to apply.<\/p>\n\n\n\n<p><strong>Wutzrock 2025 &#8211; Helping hands wanted for alternative festival! \/\/ 08.-10.08. \ud83c\udfb6<br><\/strong>The Wutzrock Festival will take place again this year from August 8-10 at Eichbaumsee in Hamburg-Bergedorf &#8211; free, political and full of music! Wutzrock stands for a colorful, gender-neutral and anti-fascist festival culture that celebrates solidarity, diversity and community. To ensure that the festival runs smoothly, we need your active support on the festival weekend, as well as for set-up and take-down a few days earlier\/later! Click <a href=\"https:\/\/www.wutzrock.de\/mithelfen.html\">here <\/a>for more information &amp; to register.<br>WhereWhenWhat? Aug. 8-10, Eichbaumsee in Hamburg Bergedorf, helping hands wanted<\/p>\n\n\n\n<p><strong>SemesterTicket Culture \/ FreeTicket \ud83c\udf9f\ufe0f<br><\/strong>You can find all information about the semester ticket culture on our website (https:\/\/www.asta-lueneburg.de\/kultur\/semesterticketkultur\/) or in the newsletter from Feb 7, 2025.<\/p>\n\n\n\n<p>Coming soon in the SemesterticketKultur:<\/p>\n\n\n\n<p><strong>Theater: \u201cDat Bahnchaos &#8211; Reisende schall man uphollen\u201d \/\/ from 14.03. \ud83d\ude82 [in German]<br><\/strong>Ever sprinted through the station with a heavy load because the track was changed? Or got lost on a train with the wrong carriage order? And have you ever stood on an open track for hours with a broken engine &#8211; in the middle of summer, with the air conditioning out? \u201cOf course! That&#8217;s typical of the railroads!\u201d, you say? Great! Then you&#8217;re ready for the ICE 6948 adventure: an unscheduled stop at a desolate provincial station. No reception, no cabs, no onward journey. But maybe a psychopath among the passengers &#8211; and a hilarious nervous chaos begins. Your fellow travelers? Your fellow travelers on this exciting train odyssey are: an illustrious bowling club, a rushed businesswoman, an idiosyncratic conspiracy theorist and a wacky motivational speaker.<br>WhereWhenWhat? From Mar. 14 in the theater, from \u20ac16.75 (free remaining tickets 30 minutes before the start of the performance at the box office)<\/p>\n\n\n\n<p><strong>Reading: \u201cWolken und Kastanien\u201d \/\/ 20.03. \u26c5 [in German]<br><\/strong>An old brick tower in front of a window in L\u00fcneburg. The escape of a four-year-old girl from K\u00f6nigsberg in January 1945. The cat that comforts Gotthold Ephraim Lessing. A creaky farewell in spring. &#8211; Renatus Deckert tells us about all of this in his stories, which he has been sending out since 2022. His \u201cClouds and chestnuts\u201d are now read by 1,500 subscribers, and the number is growing from month to month. At the beginning of spring, he reads a small selection and also gives us an insight into his writing workshop. Pictures and cello pieces enrich the reading.<br>WhereWhenWhat? Mar. 20, 7:30pm, Heinrich-Heine-Haus, from \u20ac8 (free remaining tickets 30 minutes before the start of the event at the box office)<\/p>\n\n\n\n<p><strong>Bach&#8217;s St. John Passion in St. Michael&#8217;s \/\/ 30.03. \ud83c\udfb9<br><\/strong>On Sunday, March 30, one of the most impressive oratorios in music history will be performed in St. Michael&#8217;s: the St. John Passion by Johann Sebastian Bach &#8211; performed by the St. Michael&#8217;s Choir, the St. Michael&#8217;s Youth Choir, the magnificent ensemble reflektor and five outstanding soloists. Advance tickets went on sale on Friday, February 14. Tickets are available from the LZ ticket service &amp; <a href=\"http:\/\/www.sankt-michaelis.de\/musik\/eintrittskarten\" data-type=\"link\" data-id=\"www.sankt-michaelis.de\/musik\/eintrittskarten\">here<\/a>.<br>WhereWhenWhat? Mar. 30, 6pm, St. Michaelis, 24\/19\/15\/11\/4\u20ac for students (free remaining tickets 30 minutes before the start of the event at the box office)<\/p>\n\n\n\n<p><strong>Have a nice weekend!<br><\/strong>Your AStA<\/p>\n","protected":false},"excerpt":{"rendered":"<p>ENGLISH VERSION BELOW Ahoi &amp;Huiuiuiui, morgen ist der 15. M\u00e4rz. GRUUSEL. Vor diesem Datum grauts uns allen\u2026 Nicht? Achja, hier lesen nicht nur h\u00f6here Semester mit. F\u00fcr die, die es noch nicht wussten: Die letzten Jahre&#46;&#46;&#46;<\/p>\n","protected":false},"author":50,"featured_media":0,"comment_status":"closed","ping_status":"closed","sticky":false,"template":"","format":"standard","meta":{"_lmt_disableupdate":"","_lmt_disable":"","ngg_post_thumbnail":0,"_jetpack_memberships_contains_paid_content":false,"footnotes":""},"categories":[131,382,55],"tags":[],"class_list":["post-21848","post","type-post","status-publish","format-standard","hentry","category-aktuelles","category-newsletter","category-veranstaltungen"],"modified_by":"Veranstaltungen","jetpack_featured_media_url":"","jetpack_sharing_enabled":true,"_links":{"self":[{"href":"https:\/\/www.asta-lueneburg.de\/en\/wp-json\/wp\/v2\/posts\/21848","targetHints":{"allow":["GET"]}}],"collection":[{"href":"https:\/\/www.asta-lueneburg.de\/en\/wp-json\/wp\/v2\/posts"}],"about":[{"href":"https:\/\/www.asta-lueneburg.de\/en\/wp-json\/wp\/v2\/types\/post"}],"author":[{"embeddable":true,"href":"https:\/\/www.asta-lueneburg.de\/en\/wp-json\/wp\/v2\/users\/50"}],"replies":[{"embeddable":true,"href":"https:\/\/www.asta-lueneburg.de\/en\/wp-json\/wp\/v2\/comments?post=21848"}],"version-history":[{"count":0,"href":"https:\/\/www.asta-lueneburg.de\/en\/wp-json\/wp\/v2\/posts\/21848\/revisions"}],"wp:attachment":[{"href":"https:\/\/www.asta-lueneburg.de\/en\/wp-json\/wp\/v2\/media?parent=21848"}],"wp:term":[{"taxonomy":"category","embeddable":true,"href":"https:\/\/www.asta-lueneburg.de\/en\/wp-json\/wp\/v2\/categories?post=21848"},{"taxonomy":"post_tag","embeddable":true,"href":"https:\/\/www.asta-lueneburg.de\/en\/wp-json\/wp\/v2\/tags?post=21848"}],"curies":[{"name":"wp","href":"https:\/\/api.w.org\/{rel}","templated":true}]}}