{"id":21010,"date":"2019-10-18T10:29:59","date_gmt":"2019-10-18T08:29:59","guid":{"rendered":"https:\/\/www.asta-lueneburg.de\/post\/demo-of-the-pier-in-lueneburg-21010\/"},"modified":"2025-03-05T15:22:28","modified_gmt":"2025-03-05T14:22:28","slug":"demo-of-the-pier-in-lueneburg","status":"publish","type":"post","link":"https:\/\/www.asta-lueneburg.de\/en\/post\/demo-of-the-pier-in-lueneburg-21010\/","title":{"rendered":"Demo of the pier in L\u00fcneburg"},"content":{"rendered":"\n<p><br\/>&#8220;1070 people have died so far in 2019 while fleeing across the Mediterranean (as of 2. 8. 2019) &#8211; the number of unreported cases cannot be guessed at. Meanwhile, Europe is sealing itself off and arguing about responsibilities.&#8221;<br\/>Seebr\u00fccke L\u00fcneburg wants to take a stand against this and declare L\u00fcneburg a safe haven for refugees. In February of this year, the city council already discussed and voted on the issue &#8211; and decided against it.    <\/p>\n\n<p>Due to the many actions of the Seebr\u00fccke, the city council will vote again in just under two weeks. Like many associations and institutions in L\u00fcneburg, we support the Seebr\u00fccke&#8217;s demands and want the city of L\u00fcneburg to become a safe haven. That is why we are calling on you to demonstrate in L\u00fcneburg this Saturday. <br\/>When: 19.10, from 12 noon    <\/p>\n\n<p>Where? Start in Clamart Park   <\/p>\n\n<p><br\/>Come, show solidarity and show the city of L\u00fcneburg that we do not agree with their refugee policy. L\u00fcneburg MUST be declared a safe haven to stop the unnecessary suffering and death in the Mediterranean   <\/p>\n\n<p>Photo: SEEBR\u00dcCKE L\u00fcneburg<\/p>\n","protected":false},"excerpt":{"rendered":"<p>&#8220;1070 people have died so far in 2019 while fleeing across the Mediterranean (as of 2. 8. 2019) &#8211; the number of unreported cases cannot be guessed at. Meanwhile, Europe is sealing itself off and arguing&#46;&#46;&#46;<\/p>\n","protected":false},"author":13,"featured_media":0,"comment_status":"closed","ping_status":"open","sticky":false,"template":"","format":"standard","meta":{"_lmt_disableupdate":"","_lmt_disable":"","ngg_post_thumbnail":0,"_jetpack_memberships_contains_paid_content":false,"footnotes":""},"categories":[171],"tags":[],"class_list":["post-21010","post","type-post","status-publish","format-standard","hentry","category-events"],"modified_by":null,"jetpack_featured_media_url":"","jetpack_sharing_enabled":true,"_links":{"self":[{"href":"https:\/\/www.asta-lueneburg.de\/en\/wp-json\/wp\/v2\/posts\/21010","targetHints":{"allow":["GET"]}}],"collection":[{"href":"https:\/\/www.asta-lueneburg.de\/en\/wp-json\/wp\/v2\/posts"}],"about":[{"href":"https:\/\/www.asta-lueneburg.de\/en\/wp-json\/wp\/v2\/types\/post"}],"author":[{"embeddable":true,"href":"https:\/\/www.asta-lueneburg.de\/en\/wp-json\/wp\/v2\/users\/13"}],"replies":[{"embeddable":true,"href":"https:\/\/www.asta-lueneburg.de\/en\/wp-json\/wp\/v2\/comments?post=21010"}],"version-history":[{"count":0,"href":"https:\/\/www.asta-lueneburg.de\/en\/wp-json\/wp\/v2\/posts\/21010\/revisions"}],"wp:attachment":[{"href":"https:\/\/www.asta-lueneburg.de\/en\/wp-json\/wp\/v2\/media?parent=21010"}],"wp:term":[{"taxonomy":"category","embeddable":true,"href":"https:\/\/www.asta-lueneburg.de\/en\/wp-json\/wp\/v2\/categories?post=21010"},{"taxonomy":"post_tag","embeddable":true,"href":"https:\/\/www.asta-lueneburg.de\/en\/wp-json\/wp\/v2\/tags?post=21010"}],"curies":[{"name":"wp","href":"https:\/\/api.w.org\/{rel}","templated":true}]}}