{"id":20648,"date":"2025-02-28T20:08:38","date_gmt":"2025-02-28T19:08:38","guid":{"rendered":"https:\/\/www.asta-lueneburg.de\/?p=20648"},"modified":"2025-05-05T11:46:44","modified_gmt":"2025-05-05T09:46:44","slug":"asta-newsletter","status":"publish","type":"post","link":"https:\/\/www.asta-lueneburg.de\/en\/post\/asta-newsletter-20648\/","title":{"rendered":"AStA Newsletter \/\/ 28.02.2025"},"content":{"rendered":"\n<p><strong>ENGLISH VERSION BELOW <\/strong><\/p>\n\n\n\n<p><strong>Hall\u00f6chen,<br><\/strong>w\u00e4hrend ihr euch hoffentlich alle die Fingerchen an den Abgaben m\u00fcde tippt, tippen wir uns die Finger am Newsletter wund &amp; verschieben das mit den Hausarbeiten einfach auf morgen hehe. Das Learning aus nun doch schon ein paar Semestern: Am Ende klappt&#8217;s doch immer\u2026 Drum behaltet das im Hinterkopf \ud83d\ude09<\/p>\n\n\n\n<p><strong>FLINTA*-only: Schreibworkshop, Vernetzung &amp; Kreatives von urli \/\/ 02.03. \ud83d\udc9c <br><\/strong>Der 8. M\u00e4rz (feministischer Kampftag) steht kurz bevor und wir schaffen uns die FLINTA*-only Spaces, die wir brauchen, um nochmal Kraft f\u00fcr die Stra\u00dfe zu sammeln und uns gegenseitig zu supporten &#8211; beim Reden schreiben und Texte dichten, beim Plakate malen und Pl\u00e4ne schmieden. Wenn du Bock hast FLINTA*-Netzwerke zu st\u00e4rken und k\u00e4mpferisch in die 8.-M\u00e4rz Woche zu starten freuen wir uns, wenn du dabei bist!<br>WannWieWo? 02. M\u00e4rz, 17 Uhr, Plan B (C9)<\/p>\n\n\n\n<p><strong>FLINTA*-only: Empowerment open-mic von urli \/\/ 05.03. \ud83c\udfa4<br><\/strong>Ob live Musik, eine Lesung aus deinem Lieblings Gedichtband\/Buch, Tanzeinlagen, oder Spoken Word &#8211; Raum f\u00fcr Kunst, die uns bewegt! Wenn du selber Bock auf B\u00fchne hast freuen wir uns \u00fcber Anmeldungen im Voraus (per Insta oder Mail). Spontanbeitr\u00e4ge sind nat\u00fcrlich auch sehr willkommen! Ansonsten sehen wir euch im Publikum! In love and rage eure Urlis &lt;3<br>WannWieWo? 05. M\u00e4rz, 18:30 Uhr, PlanB<\/p>\n\n\n\n<p><strong>Bewerbungsfrist f\u00fcr die Autonome Lehre endet am kommenden Sonntag \/\/ 02.03. \ud83d\udcd6<br><\/strong>Aufgepasst! Die Frist f\u00fcr die Bewerbung zur Autonomen Lehre l\u00e4uft am kommenden Sonntag, 03.02., ab. Wenn du im Sommersemester mit deinen Inhalten in der AL mitmachen m\u00f6chtest, reiche dein Lehrkonzept also noch schnell \u00fcber das Formular diesem <a href=\"https:\/\/www.asta-lueneburg.de\/projekte\/autonome-lehre\/ausschreibung\/\" data-type=\"link\" data-id=\"https:\/\/www.asta-lueneburg.de\/projekte\/autonome-lehre\/ausschreibung\/\">Link <\/a>ein. Dort findest du auch die Ausschreibung und viele weitere Informationen. Die Autonome Lehre bietet einen Rahmen, in dem interessengeleitete (Selbst-)Bildung stattfinden kann \u2013 ganz ohne Notendruck oder Sonstiges. Au\u00dferdem ist es ein guter Ort, um randst\u00e4ndige Themen, also solche, die in der regul\u00e4ren Lehre keinen Platz haben oder zu kurz kommen, zu behandeln. Bewirb dich jetzt!<\/p>\n\n\n\n<p><strong>Engagement gegen Rechts: Teamer*in in der antidiskriminierenden Jugendbildungsarbeit werden \ud83c\udf88 <br><\/strong>Teamer*innen gesucht! Mit Projekttagen an Schulen und in Jugendzentren wollen wir, die Gewerkschaftliche Hochschulgruppe, junge Menschen daf\u00fcr interessieren, sich mit Rechtsextremismus, Rassismus, Sexismus und anderen diskriminierenden Formen von Gewalt auseinanderzusetzen, zum Mit-, Nach- und Umdenken anregen und Mut machen, nicht wegzusehen, wenn andere diskriminierend denken, reden und handeln.<br>F\u00fcr das n\u00e4chste Seminar, das auf das Anleiten von diesen Projekttagen vorbereitet, gibt es noch freie Pl\u00e4tze. F\u00fcr mehr Infos und zum Anmelden <a href=\"https:\/\/nbs-jugend.dgb.de\/unsere-veranstaltungen\/courage\" data-type=\"link\" data-id=\"https:\/\/nbs-jugend.dgb.de\/unsere-veranstaltungen\/courage\">hier <\/a>klicken.<br>Die Teilnahme ist nach kurzer R\u00fccksprache mit Dirk.Garvels@dgb.de auch ohne Grundlagenschulung des DGB m\u00f6glich. F\u00fcr alle Teilnehmenden ist das Programm kostenlos, Unterkunft und Verpflegung werden gestellt.<\/p>\n\n\n\n<p><strong>Bachelor-Ausstellung Nr. 5 &#8211; Strukturen \/\/ 01.-02.03. \ud83e\uddca<br><\/strong>Die Ausstellung erforscht das Spannungsfeld zwischen nat\u00fcrlichen und gesellschaftlichen Strukturen im Wandel. W\u00e4hrend Carla Peters den Transformationsprozess von Eis in den Blick nimmt und dies in ihren Aquarellen umsetzt, befasst sich Lisa Frank mit gesellschaftlichen Ordnungen, die sie durch Schichtung, Zerschneidung und Umformung von Karton und Verpackungsmaterialien sichtbar macht und herausfordert. Beide Positionen vereint die Frage nach dem Bruch: Wann wird eine Struktur bewahrt, wann l\u00f6st sie sich auf \u2013 und was entsteht daraus?<br>WannWieWo? 01.-02. M\u00e4rz, 11-16 Uhr, PLUTO L\u00fcneburg<\/p>\n\n\n\n<p><strong>Bautag im Commons Zentrum L\u00fcneburg \/\/ 02.03. \ud83d\udd28<br><\/strong>Das letzte Bauwochenende war so sch\u00f6n und produktiv, dass wir direkt Lust hatten weiter zu machen. Am Bautag wollen wir die B\u00fcro und Plenumsr\u00e4ume einrichten, K\u00fcche und Regale aufbauen, die Beleuchtung verbessern, etwas im Garten machen, Leihr\u00e4der herrichten, Schilder malen und noch vieles mehr. Es soll auch wieder leckere Pizza geben. Komm vorbei und mach mit! In Kooperation mit JANUN L\u00fcneburg<br>WannWoWie? 02. M\u00e4rz, 10-18 Uhr, Commons Zentrum (Kunkelberg 2)<\/p>\n\n\n\n<p><strong>monatliches Repaircaf\u00e9 \/\/ 02.03. \ud83d\udee0\ufe0f<br><\/strong>In der Eingangshalle der Volkshochschule L\u00fcneburg findet jeden ersten Sonntag im Monat das Repaircaf\u00e9 statt. Im Zeitraum von 15-19 Uhr sind fachkundige liebe Menschen vor Ort, und helfen bei allem, was repariert werden soll. Mit vorhandenem Werkzeug k\u00f6nnt Ihr unter Anleitung die Reparaturen auch gern selbst durchf\u00fchren. Bitte bring alles n\u00f6tige Zubeh\u00f6r wie Kabel, Batterien\/Akkus, Antenne usw. zum Termin mit. Bei Fragen und Anregungen schreib gern eine Mail an joernbielenberg@posteo.de. Der Newsletter des Repaircaf\u00e9 ist unter <a href=\"https:\/\/www.reparatur-initiativen.de\/reparaturcafe-lueneburg\" data-type=\"link\" data-id=\"https:\/\/www.reparatur-initiativen.de\/reparaturcafe-lueneburg\">diesem Link<\/a> unten links abonnierbar.<br>WannWoWie? jeden 1. Sonntag im Monat, 02. M\u00e4rz., 15-19 Uhr, VHS L\u00fcneburg<\/p>\n\n\n\n<p><strong>Abschlussveranstaltung des NUMP (Nachhaltiger Urbaner Mobilit\u00e4tsplan) \/\/ 05.03. \ud83d\ude8b<br><\/strong>Die Hansestadt L\u00fcneburg l\u00e4dt herzlich zur NUMP-Abschlussveranstaltung am Mittwoch, den 05.03. von 17 Uhr bis ca. 20 Uhr ein! Dich erwarten Informationen \u00fcber den Verlauf des NUMP und zum Abschlussbericht, die M\u00f6glichkeit, an verschiedenen St\u00e4nden direkt mit dem Gutachterteam und Vertreter:innen der Hansestadt in Kontakt zu treten und Feedback zum Prozess sowie zum weiteren Vorgehen zu geben und eine Podiumsdiskussion zur Umsetzung des NUMP und zur Zukunft der Mobilit\u00e4t in Hansestadt und Landkreis L\u00fcneburg. Infos und Anmeldung bis zum 03.03. <a href=\"http:\/\/www.hansestadt-lueneburg.de\/nump-abschluss\" data-type=\"link\" data-id=\"www.hansestadt-lueneburg.de\/nump-abschluss\">hier<\/a>.<br>WannWoWie? 05. M\u00e4rz, Anmeldung bis 03. M\u00e4rz, 17-20 Uhr, Zentralgeb\u00e4ude<\/p>\n\n\n\n<p><strong>Chaotisches Catalysator Stipendium \/\/ 05. &amp; 06.03. \ud83d\udc7e<br><\/strong>Mit dem Chaotischen Catalysator Stipendien-Programm k\u00f6nnen sich Studierende, die eine Master oder Diplomarbeit schreiben, um ein Stipendium in H\u00f6he von insgesamt 1.500 \u20ac bewerben. Gesucht werden Themen, die sich mit den Informationstechnologien dieser Welt und ihren Auswirkungen auf die Gesellschaft besch\u00e4ftigen. Es gibt keine Einschr\u00e4nkungen in Bezug auf die Fachrichtung. Infotreffen finden kommenden Mittwoch &amp; am 17. April, je 19-20 Uhr, statt. Den Link dazu sowie alle Informationen und Bewerbungsm\u00f6glichkeiten findest du <a href=\"https:\/\/chaos-stipendien.de\" data-type=\"link\" data-id=\"https:\/\/chaos-stipendien.de\">hier<\/a>. Die Mittel stammen vom Chaos Computer Club e.V. und werden vom Chaos Computer Club Flensburg e.V. vergeben.<br>WannWoWie? 05. &amp; 06. M\u00e4rz, 19-20 Uhr, CCC Stipendium Infotreffen<\/p>\n\n\n\n<p><strong>Wandelwoche &#8211; Initiativentreffen \/\/ 05. &amp; 18.03. \ud83e\uddf1<br><\/strong>Die Wandelwoche 2025 wird vom 06.-14. September stattfinden und wir freuen uns bereits auf euch und einen spannenden Austausch! Wir starten mit gleich zwei Initiativentreffen gleichen Inhalts, um m\u00f6glichst vielen die Teilnahme zu erm\u00f6glichen. Bei den Treffen werden wir \u00fcber die geplanten Themenschwerpunkte und den aktuellen Planungsstand berichten, das Verfahren zur Online-Anmeldung (Wandelwoche und Wandelmarkt) vorstellen, eure Ideen und Anregungen sammeln und erste Veranstaltungen festhalten sowie m\u00f6glichst alle Fragen von euch beantworten!<br>WannWoWie? 5. M\u00e4rz, 19 Uhr im Gemeindesaal der Michaeliskirche &amp; 18. M\u00e4rz, 19 Uhr, mosaique<\/p>\n\n\n\n<p><strong>Science Slam im Filmpalast L\u00fcneburg: Wissenschaft statt Blockbuster. \/\/ 06.03. \ud83c\udfac<br><\/strong>Am Donnerstag wird der Filmpalast L\u00fcneburg zur B\u00fchne f\u00fcr Wissenschaft! Statt Filmen gibt\u2019s spannende Kurzvortr\u00e4ge von Wissenschaftler*innen \u2013 verst\u00e4ndlich, unterhaltsam und direkt aus der aktuellen Forschung. Unsere Slammys bringen ihre Themen ins Kino: von Meeresbiologie \u00fcber Astrophysik bis Sprachwissenschaft. Und das Beste? Ihr entscheidet, wer gewinnt! Also kommt vorbei, sichert euch eure Tickets und erlebt Wissenschaft mit Entertainment-Faktor! Tickets (erm. f\u00fcr Studis) gibts <a href=\"https:\/\/www.scienceslam.de\/termine\/science-slam-in-lueneburg-im-maerz-2025\/\" data-type=\"link\" data-id=\"https:\/\/www.scienceslam.de\/termine\/science-slam-in-lueneburg-im-maerz-2025\/\">hier<\/a>.<br>WannWoWie? 06. M\u00e4rz, 20 Uhr, Vortr\u00e4ge im Kino<\/p>\n\n\n\n<p><strong>Sister Outsider: Feministisch-antirassistische Stimmen zum Internationalen Frauentag \/\/ 08.03. \ud83d\udd8a\ufe0f<br><\/strong>Laut Audre Lorde sind es nicht unsere Unterschiede, die uns l\u00e4hmen, sondern Schweigen.<br>Aus intersektionaler Perspektive lesen und diskutieren wir Texte afrodiasporischer Autor*innen, die Verbindungen im Kampf gegen rassistische und patriarchale Strukturen ziehen. Ausgehend von der gemeinsamen Lekt\u00fcre entwerfen wir Slogans und Plakate, mit denen wir uns der feministisch-antirassistischen Kundgebung anschlie\u00dfen. Texte und Material werden zur Verf\u00fcgung gestellt. Bitte unter vermittlung@halle-fuer-kunst.de anmelden.<br>WannWoWie? 08. M\u00e4rz, 10-14 Uhr, Anmeldung bis 07. M\u00e4rz, Halle f\u00fcr Kunst<\/p>\n\n\n\n<p><strong>SemesterticketKultur \/ FreiKarte \ud83c\udf9f\ufe0f<br><\/strong>Alle Infos zum Semesterticketkultur findet ihr auf unserer Website (https:\/\/www.asta-lueneburg.de\/kultur\/semesterticketkultur\/) oder im Newsletter vom 07.02.2025.<\/p>\n\n\n\n<p><strong>Demn\u00e4chst im SemesterticketKultur:<\/strong><\/p>\n\n\n\n<p><strong>Theater: Deus Rising \u2013 Vom unaufhaltsamen Aufstieg der Menschheit \/\/ 01.03. \ud83d\udca5<br><\/strong>Wo stehen wir und wo geht die Reise der Menschheit hin? Dieses St\u00fcck zwischen Philosophie und Satire, zwischen Witz und Melancholie f\u00fchrt bis an den Rand des Universums. Technologischer und wissenschaftlicher Fortschritt veranlassen zwei Abgesandte der menschlichen Spezies, die Aufnahme im Rat der G\u00f6tter zu beantragen. Denn die Menschen behaupten von sich, sie h\u00e4tten sich weiterentwickelt, w\u00e4ren nun auch g\u00f6ttlich. Die g\u00f6ttlichen Mitglieder des Rates sind von dieser Idee wenig begeistert, und es beginnt ein Prozess, bei dem die Zeit aus den Fugen ger\u00e4t. Eine \u00e4sthetisch-sinnliche Reise durch Licht und Schatten, Raum und Zeit, Figurenspiel und Animation, die den technischen Fortschritt und die damit einhergehende \u201eEntzauberung der Welt\u201c kritisch, aber auch zauberhaft, beleuchtet.<br>WannWoWie? 01. M\u00e4rz, 20 Uhr, Theater L\u00fcneburg, ab 6.50\u20ac (kostenlose Restkarten 30min vor Veranstaltunsbeginn an der Abendkasse)<\/p>\n\n\n\n<p><strong>Museum L\u00fcneburg: Historische Handwerkstechniken im M\u00f6belbau \/\/ 02.03. \ud83e\ude9a<br><\/strong>Das Museum L\u00fcneburg l\u00e4dt am Sonntag zu einer besonderen F\u00fchrung ein. Restaurator und Tischler Andreas Bartels wird die Besucherinnen und Besucher auf eine faszinierende Reise zu pr\u00e4chtigen historischen M\u00f6belst\u00fccken im Museum L\u00fcneburg mitnehmen. Der etwa einst\u00fcndige Rundgang legt den Schwerpunkt auf die historischen Herstellungstechniken der ausgestellten M\u00f6bel und Holzobjekte. Treffpunkt ist um 15 Uhr im Foyer des Museums. Die Teilnahme ist im Museumseintritt inbegriffen.<br>WannWoWie? 02. M\u00e4rz, 15 Uhr, F\u00fchrung, Museumseintritt f\u00fcr Studis kostenlos mit dem Semesterticket<\/p>\n\n\n\n<p><strong>JazzIG Doppelkonzert: Lajos Meinberg Trio &amp; Johann Greve Quartett \/\/ 08.03. \ud83c\udfb7<br><\/strong>Lajos Meinberg ist mehrfacher Jugend Jazz-Preistr\u00e4ger in Combo- und Solo-Wertung. Er gewann au\u00dferdem den 2. Preis beim Carl Bechstein Wettbewerb 2018 in der Kategorie Jazz-Klavier. Dar\u00fcber hinaus erhielt er den Ingolf Burkhardt-Award 2022 und im August 2023 war Lajos Teil der Elbphilharmonie Jazz Academy. Das Johann Greve Quartett wurde Anfang 2023 gegr\u00fcndet. Mittlerweile ist die Band zu einer starken Einheit zusammengewachsen. Johann Greves Kompositionen sind gleicherma\u00dfen durch die moderne Berliner Musikszene, so wie auch Jazzgr\u00f6\u00dfen wie Coltrane etc. beeinflusst und gepr\u00e4gt. Die St\u00fccke dienen in erster Linie als ein Fundament f\u00fcr Improvisation &#8211; mit dem Ziel, immer eine starke Energie auf der B\u00fchne und im Raum zu erzeugen.<br>WannWoWie? 08. M\u00e4rz, 19:30, Museum Foyer, ab 6\u20ac (kostenlose Restkarten 30min vor Veranstaltunsbeginn an der Abendkasse)<\/p>\n\n\n\n<p>Vorbei vorbei, es ist vorbei!<br>Habt ein sch\u00f6nes Wochenende,<br>euer AStA<\/p>\n\n\n\n<p>Du willst jederzeit auf dem Laufenden gehalten werden? Dann schau auf Instagram, Telegram oder unserer Website vorbei:<br><a href=\"https:\/\/www.instagram.com\/astaunilueneburg\/\">Instagram<\/a><br><a href=\"https:\/\/t.me\/astanews\">Telegram Newsletter (DE) <\/a><br><a href=\"https:\/\/t.me\/astanewsEN\">Telegram Newsletter (ENG)<\/a><\/p>\n\n\n\n<p>########<\/p>\n\n\n\n<p><strong>Helloo there,<br><\/strong>while you&#8217;re hopefully all working hard on your term papers, we&#8217;re typing our fingers to the bone on the newsletter &amp; postponing the papers until tomorrow hehe. The learning from a few semesters now: It always works out in the end\u2026 So keep that in mind \ud83d\ude09<\/p>\n\n\n\n<p><strong>FLINTA*-only: Writing workshop, networking &amp; creative activitiesby urli \/\/ 02.03. \ud83d\udc9c<\/strong> <br>The 8th of March is just around the corner, and we want to create the FLINTA*-only spaces we need to gather strength for the streets and support each other \u2013 writing speeches and texts, painting posters, and making plans. We want to come together to strengthen our networks and start the week of the 8th of March fierce and ready to fight. If you\u2019re in, we look forward to seeing you.<br>WhereWhenWhat? Mar. 02, 5pm, PlanB (C9)<\/p>\n\n\n\n<p><strong>FLINTA*-only: Empowerment open-mic by urli \/\/ 05.03. \ud83c\udfa4<br><\/strong>Whether it\u2019s live music, a reading from your favourite poetry book, dance numbers or spoken word &#8211; we want space for art that moves us! If you want to perform on stage yourself, we look forward to hearing from you in advance (via Insta or email). Spontaneous contributions are of course also very welcome! Otherwise we\u2019ll see you in the audience! In love and rage your Urlis &lt;3<br>WhereWhenWhat? Mar. 05, 6.30pm, PlanB (C9)<\/p>\n\n\n\n<p><strong>Application deadline for Autonomous Teaching ends next Sunday \/\/ 02.03. \ud83d\udcd6<br><\/strong>Watch out! The deadline for applications for Autonomous Teaching is Sunday, 3 February. If you would like to participate with your content in the AT in the summer semester, please submit your teaching concept quickly using the form at <a href=\"https:\/\/www.asta-lueneburg.de\/en\/autonome-lehre\/call-for-applications\/\" data-type=\"link\" data-id=\"https:\/\/www.asta-lueneburg.de\/en\/autonome-lehre\/call-for-applications\/\">this link<\/a>. There you&#8217;ll also find the call for applications and much more information. Autonomous teaching offers a framework in which interest-led (self-)education can take place &#8211; without any grading pressure or anything else. It is also a good place to deal with marginalised topics, i.e. those that have no place in regular teaching or are neglected.<\/p>\n\n\n\n<p><strong>Voluntary work against the right: Become a facilitator for our youth education programme against discrimination \ud83c\udf88[mostly in German]<br><\/strong>Teamers wanted! With project days at schools and youth centres, we, the labour union student initative, want to get young people interested in tackling right-wing extremism, racism, sexism and other forms of discrimination, and encourage them to stand up against discriminating speech and actions. There are still a few places available for the next seminar preparing participants to lead these project days. For more information and to register, click <a href=\"https:\/\/nbs-jugend.dgb.de\/unsere-veranstaltungen\/courage\" data-type=\"link\" data-id=\"https:\/\/nbs-jugend.dgb.de\/unsere-veranstaltungen\/courage\">here<\/a>. Participation is also possible without the DGB &#8220;Grundlagenschulung&#8221; after brief consultation with Dirk.Garvels@dgb.de. The programme is free of charge for all participants, accommodation and meals are provided.<\/p>\n\n\n\n<p><strong>Bachelor Exhibition No. 5 &#8211; Structures \/\/ 01.-02.03. \ud83e\uddca<br><\/strong>The exhibition explores the tension between natural and social structures in transition. While Carla Peters focuses on the transformation process of ice and translates this into her watercolors, Lisa Frank deals with social orders, which she makes visible and challenges by layering, cutting up and reshaping cardboard and packaging materials. Both positions are united by the question of rupture: when is a structure preserved, when does it dissolve &#8211; and what emerges from it?<br>WhenWhere? March 01-02, 11am &#8211; 4pm., PLUTO L\u00fcneburg<\/p>\n\n\n\n<p><strong>DIY-crafting day at the Commons Centrum L\u00fcneburg \/\/ 02.03. \ud83d\udd28<br><\/strong>The last building weekend was so nice and productive that we immediately felt like continuing. On the construction day, we want to furnish the office and plenary rooms, set up the kitchen and shelves, improve the lighting, do something in the garden, prepare rental bikes, paint signs and much more. There will also be delicious pizza again. Come along and join in. In co-operation with JANUN L\u00fcneburg<br>WhereWhenWhat? Mar. 02, 10am-6pm, Commons Centrum (Kunkelberg 2)<\/p>\n\n\n\n<p><strong>Monthly Repair Caf\u00e9 \/\/ 02.03. \ud83d\udee0\ufe0f<br><\/strong>The Repair Caf\u00e9 takes place every first Sunday of the month in the entrance hall of the L\u00fcneburg Adult Education Center (Volkshochschule L\u00fcneburg). From 3pm to 7pm, knowledgeable and kind people are on hand to help with anything that needs to be repaired. With the tools available, you can also carry out the repairs yourself under supervision. Please bring all necessary accessories such as cables, batteries, antenna etc. to the appointment. If you have any questions or suggestions, please send an email to joernbielenberg@posteo.de. You can subscribe to the Repaircaf\u00e9 newsletter via <a href=\"https:\/\/www.reparatur-initiativen.de\/reparaturcafe-lueneburg\">this link<\/a> at the bottom left.<br>WhereWhenWhat? Every 1st Sunday of the month, Mar. 02, 3-7pm, VHS L\u00fcneburg<\/p>\n\n\n\n<p><strong>Closing event of the NUMP (Sustainable Urban Mobility Plan) \/\/ 05.03. \ud83d\ude8b [in German]<br><\/strong>The City of L\u00fcneburg invites you to the NUMP closing event on Wednesday, March 5 from 5 to approx. 8 pm! You can expect infos about the process of the NUMP and the final report, the opportunity to get in direct contact with the expert team and representatives of the Hanseatic city at various stands and give feedback on the process and the next steps &amp; a panel discussion on the implementation of the NUMP and the future of mobility in the Hanseatic city and district of L\u00fcneburg. More information and registration until March 3 <a href=\"http:\/\/www.hansestadt-lueneburg.de\/nump-abschluss\" data-type=\"link\" data-id=\"www.hansestadt-lueneburg.de\/nump-abschluss\">here<\/a>.<br>WhereWhenWhat? Mar. 05, registration until March 03, 5-8pm, central buildung<\/p>\n\n\n\n<p><strong>Chaotic Catalysator Scholarship \/\/ 05.03. &amp; 17.04. \ud83d\udc7e [meeting probably in German]<br><\/strong>With the Chaotic Catalysator Scholarship Program, students writing a master&#8217;s or diploma thesis can apply for a scholarship worth a total of \u20ac 1,500. We are looking for topics that deal with the world&#8217;s information technologies and their impact on society. There are no restrictions in terms of subject area. Info meetings will take place next Wednesday, and on April 17th, 7-8pm. You can find the link as well as all information and application options <a href=\"https:\/\/chaos-stipendien.de\">here<\/a>. The funds come from the Chaos Computer Club e.V. and are awarded by the Chaos Computer Club Flensburg e.V.<br>WhereWhenWhat? March 05 &amp; 06, 7-8 pm, CCC Scholarship Info Meeting<\/p>\n\n\n\n<p><strong>Wandelwoche &#8211; meeting of the initiatives \/\/ 05. &amp; 18.03. \ud83e\uddf1<br><\/strong>The Wandelwoche 2025 will take place from September 6-14 and we are already looking forward to seeing you and to an exciting exchange! We are starting with two initiative meetings with the same content to enable as many people as possible to take part. At the meetings we will report on the planned main topics and the current planning status, present the online registration process (Wandelwoche and Wandelmarkt), collect your ideas and suggestions and record the first events as well as answer as many of your questions as possible!<br>WhereWhenWhat? Mar. 05, 7pm, Gemeindesaal of the Michaelis-church &amp; Mar. 18, 7pm, mosaique<\/p>\n\n\n\n<p><strong>Science Slam at Filmpalast L\u00fcneburg: Science instead of blockbusters. \/\/ 06.03. \ud83c\udfac [in German]<br><\/strong>On thursday, science takes over at Filmpalast L\u00fcneburg! Instead of Hollywood blockbusters, researchers will present their fascinating work in short, engaging talks \u2014 easy explained, entertaining, and packed with fresh insights from the world of science. From the depths of the ocean to the farthest reaches of space, from language to physics, our slammys will make their research come alive. And the best part? You get to vote for the winner! Get your tickets, bring your curiosity, and be part of a night where science takes center stage! Tickets (discounted for students) <a href=\"https:\/\/www.scienceslam.de\/termine\/science-slam-in-lueneburg-im-maerz-2025\/\" data-type=\"link\" data-id=\"https:\/\/www.scienceslam.de\/termine\/science-slam-in-lueneburg-im-maerz-2025\/\">here<\/a>.<br>WhereWhenWhat? Mar. 06, 8pm, lectures in the cinema<\/p>\n\n\n\n<p><strong>Sister Outsider: Feminist-antiracist voices on International Women&#8217;s Day \/\/ 08.03. \ud83d\udd8a\ufe0f [in German]<br><\/strong>According to Audre Lorde, it is not our differences that paralyze us, but silence.<br>From an intersectional perspective, we will read and discuss texts by Afro-diasporic<br>authors who draw connections in the struggle against racist and patriarchal structures.<br>structures. Based on our joint reading, we will design slogans and posters with which we can<br>with which we join the feminist-antiracist rally. Texts and<br>material will be provided. Please register at vermittlung@halle-fuer-kunst.de.<br>WhereWhenWhat? Mar. 08, 10am &#8211; 2pm, registration by March 07, Halle f\u00fcr Kunst<\/p>\n\n\n\n<p><strong>SemesterTicket Culture \/ FreeTicket \ud83c\udf9f\ufe0f<br><\/strong>You can find all information about the semester ticket culture on our <a href=\"https:\/\/www.asta-lueneburg.de\/kultur\/semesterticketkultur\/\" data-type=\"link\" data-id=\"https:\/\/www.asta-lueneburg.de\/kultur\/semesterticketkultur\/\">website <\/a>or in the newsletter from Feb 7, 2025.<\/p>\n\n\n\n<p><strong>Coming soon in the SemesterticketKultur:<\/strong><\/p>\n\n\n\n<p><strong>Theater: Deus Rising &#8211; The unstoppable rise of humanity \/\/ 01.03. \ud83d\udca5[in German]<br><\/strong>Where are we and where is humanity&#8217;s journey heading? This play between philosophy and satire, between humor and melancholy takes us to the edge of the universe. Technological and scientific progress prompt two emissaries of the human species to apply for admission to the Council of the Gods. For humans claim that they have evolved and are now also divine. The divine members of the council are less than enthusiastic about this idea, and a process begins in which time is thrown out of joint. An aesthetic and sensual journey through light and shadow, space and time, puppetry and animation, which takes a critical but also magical look at technological progress and the accompanying \u201cdemystification of the world\u201d.<br>WhereWhenWhat? March 1, 8pm, Theater L\u00fcneburg, from \u20ac6.50 (free remaining tickets 30 minutes before the start of the event at the box office)<\/p>\n\n\n\n<p><strong>Museum L\u00fcneburg: Historical craftsmanship techniques in furniture making \/\/ 02.03. \ud83e\ude9a [in German ]<br><\/strong>The Museum L\u00fcneburg invites you to a special guided tour on Sunday. Restorer and cabinetmaker Andreas Bartels will take visitors on a fascinating journey to magnificent historical pieces of furniture in the Museum L\u00fcneburg. The approximately one-hour tour focuses on the historical production techniques of the furniture and wooden objects on display. Meeting point is at 3 pm in the foyer of the museum. Participation is included in museum admission.<br>WhereWhenWhat? March 2, 3pm, guided tour, museum admission free for students with the semester ticket<\/p>\n\n\n\n<p><strong>JazzIG double concert: Lajos Meinberg Trio &amp; Johann Greve Quartet \/\/ 08.03. \ud83c\udfb7<br><\/strong>Lajos Meinberg is a multiple winner of the Youth Jazz Prize in the combo and solo categories. He also won 2nd prize in the 2018 Carl Bechstein Competition in the jazz piano category. In addition, he received the Ingolf Burkhardt Award 2022 and in August 2023 Lajos was part of the Elbphilharmonie Jazz Academy. The Johann Greve Quartet was founded in early 2023. The band has since grown into a strong unit. Johann Greve&#8217;s compositions are equally influenced and shaped by the modern Berlin music scene as well as jazz greats such as Coltrane etc. The pieces primarily serve as a foundation for improvisation &#8211; with the aim of always creating a strong energy on stage and in the room.<br>WhenWhereHow? March 08, 19:30, Museum Foyer, from 6\u20ac (free remaining tickets 30 minutes before the start of the event at the box office)<\/p>\n\n\n\n<p>BbbbBbye byeeeEEee<br>Have a nice weekend!<br>Your AStA<\/p>\n\n\n\n<p>You want to be kept up to date at all times? Then follow us on our social media channels!<br><a href=\"https:\/\/www.instagram.com\/astaunilueneburg\/\">Instagram<\/a><br><a href=\"https:\/\/t.me\/astanews\">Telegram Newsletter (DE)<br><\/a><a href=\"https:\/\/t.me\/astanewsEN\">Telegram Newsletter (ENG)<\/a><\/p>\n","protected":false},"excerpt":{"rendered":"<p>ENGLISH VERSION BELOW Hall\u00f6chen,w\u00e4hrend ihr euch hoffentlich alle die Fingerchen an den Abgaben m\u00fcde tippt, tippen wir uns die Finger am Newsletter wund &amp; verschieben das mit den Hausarbeiten einfach auf morgen hehe. Das Learning aus&#46;&#46;&#46;<\/p>\n","protected":false},"author":50,"featured_media":0,"comment_status":"closed","ping_status":"closed","sticky":false,"template":"","format":"standard","meta":{"_lmt_disableupdate":"","_lmt_disable":"","ngg_post_thumbnail":0,"_jetpack_memberships_contains_paid_content":false,"footnotes":""},"categories":[131,382,55],"tags":[],"class_list":["post-20648","post","type-post","status-publish","format-standard","hentry","category-aktuelles","category-newsletter","category-veranstaltungen"],"modified_by":"Veranstaltungen","jetpack_featured_media_url":"","jetpack_sharing_enabled":true,"_links":{"self":[{"href":"https:\/\/www.asta-lueneburg.de\/en\/wp-json\/wp\/v2\/posts\/20648","targetHints":{"allow":["GET"]}}],"collection":[{"href":"https:\/\/www.asta-lueneburg.de\/en\/wp-json\/wp\/v2\/posts"}],"about":[{"href":"https:\/\/www.asta-lueneburg.de\/en\/wp-json\/wp\/v2\/types\/post"}],"author":[{"embeddable":true,"href":"https:\/\/www.asta-lueneburg.de\/en\/wp-json\/wp\/v2\/users\/50"}],"replies":[{"embeddable":true,"href":"https:\/\/www.asta-lueneburg.de\/en\/wp-json\/wp\/v2\/comments?post=20648"}],"version-history":[{"count":0,"href":"https:\/\/www.asta-lueneburg.de\/en\/wp-json\/wp\/v2\/posts\/20648\/revisions"}],"wp:attachment":[{"href":"https:\/\/www.asta-lueneburg.de\/en\/wp-json\/wp\/v2\/media?parent=20648"}],"wp:term":[{"taxonomy":"category","embeddable":true,"href":"https:\/\/www.asta-lueneburg.de\/en\/wp-json\/wp\/v2\/categories?post=20648"},{"taxonomy":"post_tag","embeddable":true,"href":"https:\/\/www.asta-lueneburg.de\/en\/wp-json\/wp\/v2\/tags?post=20648"}],"curies":[{"name":"wp","href":"https:\/\/api.w.org\/{rel}","templated":true}]}}